{"id":17672,"date":"2025-07-29T20:55:04","date_gmt":"2025-07-30T00:55:04","guid":{"rendered":"https:\/\/agromt.news\/?p=17672"},"modified":"2025-07-29T20:55:04","modified_gmt":"2025-07-30T00:55:04","slug":"precos-do-trigo-no-sul-mantem-se-estaveis","status":"publish","type":"post","link":"https:\/\/agromt.news\/?p=17672","title":{"rendered":"Pre\u00e7os do trigo no Sul mant\u00eam-se est\u00e1veis"},"content":{"rendered":"<p> <br \/>\n<\/p>\n<div>\n<p>O mercado de <a href=\"https:\/\/www.agrolink.com.br\/culturas\/trigo\/?utm_source=agrolink-detalhe-noticia&amp;utm_medium=detalhe-noticia&amp;utm_campaign=links-internos\" target=\"_blank\" rel=\"noopener\">trigo<\/a> no Rio Grande do Sul, Santa Catarina e Paran\u00e1 apresenta um cen\u00e1rio de estabilidade, com chuvas adequadas no estado ga\u00facho e negocia\u00e7\u00f5es concentradas em volumes espec\u00edficos, segundo an\u00e1lise da TF Agroecon\u00f4mica. No Rio Grande do Sul, as chuvas retornaram com acumulados entre 30 mm e 130 mm, sem relatos de danos \u00e0s lavouras, o que mant\u00e9m as expectativas para a safra local. O mercado segue lento, com compras pontuais principalmente para embarques em agosto e setembro, e pre\u00e7os indicativos variando conforme a qualidade e localiza\u00e7\u00e3o, chegando a R$ 1.380,00 para trigos competitivos no interior e cerca de R$ 1.300,00 para neg\u00f3cios pontuais com entregas pr\u00f3ximas.&#13;\n<\/p>\n<p>No \u00e2mbito da exporta\u00e7\u00e3o, foram negociadas cerca de 8.000 toneladas para dezembro a pre\u00e7os em torno de R$ 1.300,00 por tonelada, com a op\u00e7\u00e3o do vendedor de entregar trigo de qualidade inferior, destinado \u00e0 ra\u00e7\u00e3o, com des\u00e1gio de 20%. Os moinhos locais continuam operando com baixa moagem e margens reduzidas, mantendo a demanda contida at\u00e9 a chegada da nova safra. J\u00e1 em Santa Catarina, o mercado permanece est\u00e1vel, com os moinhos consumindo estoques e comprando apenas para reposi\u00e7\u00e3o. A oferta de trigo ga\u00facho ainda pressiona os pre\u00e7os, que se mant\u00eam entre R$ 1.330,00 e R$ 1.360,00 FOB, mais frete e ICMS.<\/p>\n<p>A safra nova ainda n\u00e3o apresenta indicativos claros, mas h\u00e1 relatos de queda significativa na venda de sementes, estimada em 20% a menos em rela\u00e7\u00e3o ao ano anterior, reflexo da redu\u00e7\u00e3o prevista pela CONAB de 6,3% na produ\u00e7\u00e3o estadual, apesar do aumento de \u00e1rea plantada. Em Santa Catarina, os pre\u00e7os pagos aos agricultores permanecem est\u00e1veis, girando em torno de R$ 70,00 a R$ 79,00 por saca, dependendo da regi\u00e3o.&#13;\n<\/p>\n<p>No Paran\u00e1, o trigo importado sofre aumento de pre\u00e7o de R$ 10,00 por tonelada devido \u00e0 valoriza\u00e7\u00e3o do d\u00f3lar, com pre\u00e7os no moinho chegando a R$ 1.450,00 CIF para lotes de excelente qualidade. Apesar disso, o mercado local n\u00e3o apresenta grande movimenta\u00e7\u00e3o, com oferta maior do que se esperava ap\u00f3s algumas perdas previstas. Um novo navio de trigo importado est\u00e1 a caminho do porto de Paranagu\u00e1, mantendo a press\u00e3o sobre os pre\u00e7os locais, que t\u00eam ofertas em torno de R$ 272,00 por saca. Os pre\u00e7os pagos aos produtores na regi\u00e3o recuaram ligeiramente 0,16%, para R$ 77,07 por saca, enquanto o custo de produ\u00e7\u00e3o caiu, elevando a margem m\u00e9dia de lucro para cerca de 5,7%.<br \/>&#13;<br \/>\n\u00a0<\/p>\n<\/p><\/div>\n<p><script data-cfasync=\"false\">\n    !function (f, b, e, v, n, t, s) {\n        if (f.fbq) return; n = f.fbq = function () {\n            n.callMethod ?\n                n.callMethod.apply(n, arguments) : n.queue.push(arguments)\n        };\n        if (!f._fbq) f._fbq = n; n.push = n; n.loaded = !0; n.version = '2.0';\n        n.queue = []; t = b.createElement(e); t.async = !0;\n        t.src = v; s = b.getElementsByTagName(e)[0];\n        s.parentNode.insertBefore(t, s)\n    }(window, document, 'script',\n        'https:\/\/connect.facebook.net\/en_US\/fbevents.js');\n    fbq('init', '522546078623747');\n    fbq('track', 'PageView');\n<\/script><br \/>\n<br \/><br \/>\n<br \/><a href=\"https:\/\/www.agrolink.com.br\/noticias\/precos-do-trigo-no-sul-mantem-se-estaveis_504413.html\">Source link <\/a><\/p>\n","protected":false},"excerpt":{"rendered":"<p>O mercado de trigo no Rio Grande do Sul, Santa Catarina e Paran\u00e1 apresenta um cen\u00e1rio de estabilidade, com chuvas<\/p>\n","protected":false},"author":1,"featured_media":17673,"comment_status":"open","ping_status":"open","sticky":false,"template":"","format":"standard","meta":{"_monsterinsights_skip_tracking":false,"_monsterinsights_sitenote_active":false,"_monsterinsights_sitenote_note":"","_monsterinsights_sitenote_category":0,"_uf_show_specific_survey":0,"_uf_disable_surveys":false,"footnotes":""},"categories":[8,1,14],"tags":[],"class_list":["post-17672","post","type-post","status-publish","format-standard","has-post-thumbnail","hentry","category-agro","category-news","category-politica-agro"],"_links":{"self":[{"href":"https:\/\/agromt.news\/index.php?rest_route=\/wp\/v2\/posts\/17672"}],"collection":[{"href":"https:\/\/agromt.news\/index.php?rest_route=\/wp\/v2\/posts"}],"about":[{"href":"https:\/\/agromt.news\/index.php?rest_route=\/wp\/v2\/types\/post"}],"author":[{"embeddable":true,"href":"https:\/\/agromt.news\/index.php?rest_route=\/wp\/v2\/users\/1"}],"replies":[{"embeddable":true,"href":"https:\/\/agromt.news\/index.php?rest_route=%2Fwp%2Fv2%2Fcomments&post=17672"}],"version-history":[{"count":0,"href":"https:\/\/agromt.news\/index.php?rest_route=\/wp\/v2\/posts\/17672\/revisions"}],"wp:featuredmedia":[{"embeddable":true,"href":"https:\/\/agromt.news\/index.php?rest_route=\/wp\/v2\/media\/17673"}],"wp:attachment":[{"href":"https:\/\/agromt.news\/index.php?rest_route=%2Fwp%2Fv2%2Fmedia&parent=17672"}],"wp:term":[{"taxonomy":"category","embeddable":true,"href":"https:\/\/agromt.news\/index.php?rest_route=%2Fwp%2Fv2%2Fcategories&post=17672"},{"taxonomy":"post_tag","embeddable":true,"href":"https:\/\/agromt.news\/index.php?rest_route=%2Fwp%2Fv2%2Ftags&post=17672"}],"curies":[{"name":"wp","href":"https:\/\/api.w.org\/{rel}","templated":true}]}}