{"id":17670,"date":"2025-07-29T20:47:48","date_gmt":"2025-07-30T00:47:48","guid":{"rendered":"https:\/\/agromt.news\/?p=17670"},"modified":"2025-07-29T20:47:48","modified_gmt":"2025-07-30T00:47:48","slug":"lula-deve-vetar-trechos-do-pl-do-licenciamento-ambiental-diz-marina","status":"publish","type":"post","link":"https:\/\/agromt.news\/?p=17670","title":{"rendered":"Lula deve vetar trechos do PL do Licenciamento Ambiental, diz Marina"},"content":{"rendered":"<p> <br \/>\n<br \/><img decoding=\"async\" src=\"https:\/\/agromt.news\/wp-content\/uploads\/2025\/07\/Lula-deve-vetar-trechos-do-PL-do-Licenciamento-Ambiental-diz.jpg\" \/><\/p>\n<div>\n<p>A ministra do Meio Ambiente e Mudan\u00e7a do Clima, Marina Silva, disse, nesta ter\u00e7a-feira (29), que o presidente Luiz In\u00e1cio Lula da Silva deve vetar alguns trechos do Projeto de Lei (PL) 2.159\/21, que trata das regras do licenciamento ambiental.<\/p>\n<p>Segundo a ministra, a decis\u00e3o do governo \u00e9 \u201cpreservar o licenciamento ambiental\u201d.<\/p>\n<p>\u201cJ\u00e1 existe uma decis\u00e3o, a de que \u00e9 preciso preservar o licenciamento ambiental brasileiro, de que \u00e9 necess\u00e1rio n\u00e3o demolir uma das principais ferramentas de prote\u00e7\u00e3o ambiental no Brasil, de n\u00e3o se criar uma situa\u00e7\u00e3o de inseguran\u00e7a jur\u00eddica generalizada, de que \u00e9 necess\u00e1rio que se respeitem as leis existentes. Muitas delas nem podem ser alteradas da forma que foi proposto\u201d, afirmou Marina. <\/p>\n<p>Para ela, a eventual san\u00e7\u00e3o do projeto representar\u00e1 uma \u201cdemoli\u00e7\u00e3o\u201d da legisla\u00e7\u00e3o ambiental brasileira.<\/p>\n<h2 class=\"wp-block-heading\" id=\"h-medida-para-substituir\">Medida para substituir <\/h2>\n<p>Durante evento de comemora\u00e7\u00e3o de um ano da Pol\u00edtica Nacional de Manejo Integrado do Fogo, em <strong><a href=\"https:\/\/www.canalrural.com.br\/nacional\/brasilia\/\">Bras\u00edlia<\/a><\/strong>, a ministra afirmou que o governo estuda uma medida para substituir as mudan\u00e7as na legisla\u00e7\u00e3o, mas n\u00e3o esclareceu se a proposta ser\u00e1 encaminhada por uma medida provis\u00f3ria ou um projeto de lei.<\/p>\n<p>\u201cN\u00e3o basta vetar. \u00c9 preciso vetar e ter algo para colocar no lugar. N\u00e3o est\u00e1 sendo vista apenas a quest\u00e3o do veto, mas como reparar adequadamente aquilo que porventura venha a ser mudado\u201d, disse a ministra.<\/p>\n<\/div>\n<div>\n<p>Enviado para san\u00e7\u00e3o presidencial, o projeto de lei prev\u00ea a simplifica\u00e7\u00e3o dos tr\u00e2mites processuais, com a cria\u00e7\u00e3o de novos tipos de licen\u00e7as ambientais, e a redu\u00e7\u00e3o dos prazos de an\u00e1lise. O presidente Lula tem at\u00e9 o pr\u00f3ximo dia 8 para sancionar ou vetar o texto final que a C\u00e2mara dos Deputados aprovou no \u00faltimo dia 17.<\/p>\n<p>Marina informou que equipes da do MMA, da Casa Civil e do Minist\u00e9rio de Rela\u00e7\u00f5es Institucionais est\u00e3o analisando as mudan\u00e7as no texto, que deve ser encaminhado em breve para o presidente. O olhar recai sobre a proposta como um todo, n\u00e3o apenas as altera\u00e7\u00f5es aprovadas pelos deputados.<\/p>\n<p>\u201cO presidente vai ter as informa\u00e7\u00f5es na sua mesa para que possamos decidir\u201d, resumiu. \u201cA estrat\u00e9gia do governo \u00e9: tendo claro que n\u00e3o basta vetar, \u00e9 preciso colocar algo no lugar, e isso tem a ver com as alternativas facultadas ao Poder Executivo, ou voc\u00ea faz essa repara\u00e7\u00e3o por projeto de lei ou MP\u201d, concluiu.<\/p>\n<h2 class=\"wp-block-heading\" id=\"h-politica-nacional\">Pol\u00edtica Nacional<\/h2>\n<p>A Pol\u00edtica Nacional de Manejo Integrado do Fogo foi institu\u00edda pela Lei n\u00ba 14.944, sancionada pelo presidente Lula em 31 de julho de 2024. A proposta estabelece princ\u00edpios, objetivos e instrumentos para o uso do fogo de forma segura e sustent\u00e1vel, considerando os conhecimentos tradicionais e cient\u00edficos.<\/p>\n<p>Al\u00e9m disso, a lei cria uma nova forma de governan\u00e7a do fogo, compat\u00edvel com o desafio imposto pela mudan\u00e7a do clima. Cabe ao governo federal coordenar a\u00e7\u00f5es entre os governos estaduais e municipais, sociedade civil, comunidades tradicionais e setor privado na gest\u00e3o do fogo, definindo diretrizes para a atua\u00e7\u00e3o da cada um desses atores de maneira dialogada e integrada.<\/p>\n<\/p><\/div>\n<p><br \/>\n<br \/><a href=\"https:\/\/www.canalrural.com.br\/politica\/lula-deve-vetar-trechos-do-pl-do-licenciamento-ambiental-diz-marina\/\">Source link <\/a><\/p>\n","protected":false},"excerpt":{"rendered":"<p>A ministra do Meio Ambiente e Mudan\u00e7a do Clima, Marina Silva, disse, nesta ter\u00e7a-feira (29), que o presidente Luiz In\u00e1cio<\/p>\n","protected":false},"author":1,"featured_media":17671,"comment_status":"open","ping_status":"open","sticky":false,"template":"","format":"standard","meta":{"_monsterinsights_skip_tracking":false,"_monsterinsights_sitenote_active":false,"_monsterinsights_sitenote_note":"","_monsterinsights_sitenote_category":0,"_uf_show_specific_survey":0,"_uf_disable_surveys":false,"footnotes":""},"categories":[1],"tags":[],"class_list":["post-17670","post","type-post","status-publish","format-standard","has-post-thumbnail","hentry","category-news"],"_links":{"self":[{"href":"https:\/\/agromt.news\/index.php?rest_route=\/wp\/v2\/posts\/17670"}],"collection":[{"href":"https:\/\/agromt.news\/index.php?rest_route=\/wp\/v2\/posts"}],"about":[{"href":"https:\/\/agromt.news\/index.php?rest_route=\/wp\/v2\/types\/post"}],"author":[{"embeddable":true,"href":"https:\/\/agromt.news\/index.php?rest_route=\/wp\/v2\/users\/1"}],"replies":[{"embeddable":true,"href":"https:\/\/agromt.news\/index.php?rest_route=%2Fwp%2Fv2%2Fcomments&post=17670"}],"version-history":[{"count":0,"href":"https:\/\/agromt.news\/index.php?rest_route=\/wp\/v2\/posts\/17670\/revisions"}],"wp:featuredmedia":[{"embeddable":true,"href":"https:\/\/agromt.news\/index.php?rest_route=\/wp\/v2\/media\/17671"}],"wp:attachment":[{"href":"https:\/\/agromt.news\/index.php?rest_route=%2Fwp%2Fv2%2Fmedia&parent=17670"}],"wp:term":[{"taxonomy":"category","embeddable":true,"href":"https:\/\/agromt.news\/index.php?rest_route=%2Fwp%2Fv2%2Fcategories&post=17670"},{"taxonomy":"post_tag","embeddable":true,"href":"https:\/\/agromt.news\/index.php?rest_route=%2Fwp%2Fv2%2Ftags&post=17670"}],"curies":[{"name":"wp","href":"https:\/\/api.w.org\/{rel}","templated":true}]}}