{"id":17668,"date":"2025-07-29T19:33:34","date_gmt":"2025-07-29T23:33:34","guid":{"rendered":"https:\/\/agromt.news\/?p=17668"},"modified":"2025-07-29T19:33:34","modified_gmt":"2025-07-29T23:33:34","slug":"precos-do-boi-gordo-no-brasil-hoje-acompanhe-as-cotacoes","status":"publish","type":"post","link":"https:\/\/agromt.news\/?p=17668","title":{"rendered":"Pre\u00e7os do boi gordo no Brasil hoje: acompanhe as cota\u00e7\u00f5es"},"content":{"rendered":"<p> <br \/>\n<br \/><img decoding=\"async\" src=\"https:\/\/agromt.news\/wp-content\/uploads\/2024\/09\/boiada_carne_Pantanal.jpg\" \/><\/p>\n<div>\n<p>O mercado f\u00edsico do boi gordo apresenta predominante acomoda\u00e7\u00e3o em seus pre\u00e7os. Segundo o analista da consultoria Safras &amp; Mercado Fernando Iglesias, o ambiente de neg\u00f3cios aponta para um perfil mais lateralizado, em que as ind\u00fastrias n\u00e3o t\u00eam tanta capacidade para exercer press\u00e3o sobre os pecuaristas. <\/p>\n<p>\u201cRumores em torno das negocia\u00e7\u00f5es com os Estados Unidos ainda permeiam o mercado, com <strong><a href=\"https:\/\/www.canalrural.com.br\/internacional\/sem-citar-brasil-eua-estudam-nao-aplicar-tarifas-para-cafe-cacau-manga-e-abacaxi\/\">discuss\u00f5es sobre isen\u00e7\u00e3o de tarifas para determinados produtos<\/a><\/strong>. Outra informa\u00e7\u00e3o \u00e9 que os importadores se mostram dispostos a honrar os contratos j\u00e1 firmados, arcando com o \u00f4nus do adicional tarif\u00e1rio. Esse ambiente sugere por volume de exporta\u00e7\u00e3o para os Estados Unidos at\u00e9 meados de setembro\u201d, disse.<\/p>\n<ul class=\"wp-block-list\">\n<li><strong>S\u00e3o Paulo:<\/strong> R$ 295,37 \u2014 R$ 294,78<\/li>\n<li><strong>Goi\u00e1s: <\/strong>R$ 275,89 \u2014 R$ 276,43<\/li>\n<li><strong>Minas Gerais:<\/strong> R$ 285,88 \u2014 R$ 285,29 <\/li>\n<li><strong>Mato Grosso do Sul:<\/strong> R$ 295,57 \u2014 R$ 294,66<\/li>\n<li><strong>Mato Grosso:<\/strong> R$ 290,20 \u2014 R$ 290,14<\/li>\n<\/ul>\n<h2 class=\"wp-block-heading\" id=\"h-mercado-atacadista\">Mercado atacadista<\/h2>\n<p>O atacado se depara com pre\u00e7os acomodados para a carne bovina. Segundo Iglesias, o ambiente de neg\u00f3cios ainda sugere por alguma recupera\u00e7\u00e3o dos pre\u00e7os no decorrer da primeira quinzena de agosto, per\u00edodo pautado por maior apelo ao consumo. <\/p>\n<\/div>\n<div>\n<p>\u201cVale destacar que esse movimento ser\u00e1 limitado pela maior competitividade das prote\u00ednas concorrentes, em especial da carne de frango\u201d, pontuou Iglesias.<\/p>\n<p>O quarto traseiro ainda \u00e9 precificado a R$ 21,40 por quilo, o dianteiro a R$ 17,50 e a ponta de agulha \u00e9 cotada a R$ 17 por quilo. <\/p>\n<h2 class=\"wp-block-heading\" id=\"h-cambio\">C\u00e2mbio<\/h2>\n<p>O d\u00f3lar comercial encerrou a sess\u00e3o em queda de 0,39%, sendo negociado a R$ 5,5700 para venda e a R$ 5,5680 para compra. Durante o dia, a moeda norte-americana oscilou entre a m\u00ednima de R$ 5,5588 e a m\u00e1xima de R$ 5,6043.<\/p>\n<\/p><\/div>\n<p><br \/>\n<br \/><a href=\"https:\/\/www.canalrural.com.br\/pecuaria\/precos-do-boi-gordo-no-brasil-hoje-acompanhe-as-cotacoes\/\">Source link <\/a><\/p>\n","protected":false},"excerpt":{"rendered":"<p>O mercado f\u00edsico do boi gordo apresenta predominante acomoda\u00e7\u00e3o em seus pre\u00e7os. Segundo o analista da consultoria Safras &amp; Mercado<\/p>\n","protected":false},"author":1,"featured_media":12501,"comment_status":"open","ping_status":"open","sticky":false,"template":"","format":"standard","meta":{"_monsterinsights_skip_tracking":false,"_monsterinsights_sitenote_active":false,"_monsterinsights_sitenote_note":"","_monsterinsights_sitenote_category":0,"_uf_show_specific_survey":0,"_uf_disable_surveys":false,"footnotes":""},"categories":[1],"tags":[],"class_list":["post-17668","post","type-post","status-publish","format-standard","has-post-thumbnail","hentry","category-news"],"_links":{"self":[{"href":"https:\/\/agromt.news\/index.php?rest_route=\/wp\/v2\/posts\/17668"}],"collection":[{"href":"https:\/\/agromt.news\/index.php?rest_route=\/wp\/v2\/posts"}],"about":[{"href":"https:\/\/agromt.news\/index.php?rest_route=\/wp\/v2\/types\/post"}],"author":[{"embeddable":true,"href":"https:\/\/agromt.news\/index.php?rest_route=\/wp\/v2\/users\/1"}],"replies":[{"embeddable":true,"href":"https:\/\/agromt.news\/index.php?rest_route=%2Fwp%2Fv2%2Fcomments&post=17668"}],"version-history":[{"count":0,"href":"https:\/\/agromt.news\/index.php?rest_route=\/wp\/v2\/posts\/17668\/revisions"}],"wp:featuredmedia":[{"embeddable":true,"href":"https:\/\/agromt.news\/index.php?rest_route=\/wp\/v2\/media\/12501"}],"wp:attachment":[{"href":"https:\/\/agromt.news\/index.php?rest_route=%2Fwp%2Fv2%2Fmedia&parent=17668"}],"wp:term":[{"taxonomy":"category","embeddable":true,"href":"https:\/\/agromt.news\/index.php?rest_route=%2Fwp%2Fv2%2Fcategories&post=17668"},{"taxonomy":"post_tag","embeddable":true,"href":"https:\/\/agromt.news\/index.php?rest_route=%2Fwp%2Fv2%2Ftags&post=17668"}],"curies":[{"name":"wp","href":"https:\/\/api.w.org\/{rel}","templated":true}]}}