{"id":17667,"date":"2025-07-29T18:59:34","date_gmt":"2025-07-29T22:59:34","guid":{"rendered":"https:\/\/agromt.news\/?p=17667"},"modified":"2025-07-29T18:59:34","modified_gmt":"2025-07-29T22:59:34","slug":"eliminacao-de-soqueira-e-estrategia-eficaz-contra-pragas","status":"publish","type":"post","link":"https:\/\/agromt.news\/?p=17667","title":{"rendered":"Elimina\u00e7\u00e3o de soqueira \u00e9 estrat\u00e9gia eficaz contra pragas"},"content":{"rendered":"<p> <br \/>\n<\/p>\n<div>\n<div class=\"row\">\n<div class=\"col-lg col-infos mt-0 mt-lg-0\">\n<div class=\"section-sub-title\">\n<p itemprop=\"description\">&#13;<br \/>\n                                O m\u00e9todo qu\u00edmico envolve a aplica\u00e7\u00e3o de herbicidas &#13;\n                            <\/p>\n<\/p><\/div>\n<div class=\"container\">\n<div class=\"row\">\n<div class=\"col-lg p-0\">\n<div>\n<div class=\"block-news-main-infos mt-3 text-start\">\n<p>                                            <strong class=\"fn\" itemprop=\"author\" style=\"color: rgb(112, 112, 112); \">&#13;<br \/>\n                                                <a href=\"https:\/\/www.agrolink.com.br\/noticias\/javascript:;\" class=\"text-uppercase\" target=\"_blank\" style=\"color: rgb(112, 112, 112); \" rel=\"noopener\">Agrolink<\/a>&#13;<br \/>\n&#13;<br \/>\n                                                    &#8211; Leonardo Gottems&#13;<br \/>\n&#13;<br \/>\n                                            <\/strong><br \/>\n                                        <\/p>\n<p>                                            <abbr><time datetime=\"2025-07-29T09:13\" itemprop=\"datePublished dateModified\">Publicado em 29\/07\/2025 \u00e0s 09:13h.<\/time><\/abbr><br \/>\n                                            <\/p><\/div>\n<\/p><\/div>\n<\/p><\/div>\n<div class=\"col-lg p-0 text-lg-end\">\n<div>\n<div id=\"mdEnviarPagina\" class=\"modal fade\" role=\"dialog\">\n<div class=\"modal-dialog\">\n<div class=\"modal-content\">\n<div class=\"modal-body\">\n<p><strong>Estimado usu\u00e1rio.<\/strong><br \/>Preencha o formul\u00e1rio abaixo para remeter a p\u00e1gina.<\/p>\n<\/p><\/div>\n<\/p><\/div>\n<\/p><\/div>\n<\/div><\/div>\n<\/p><\/div>\n<\/p><\/div>\n<\/p><\/div>\n<\/p><\/div>\n<\/p><\/div>\n<div class=\"row justify-content-md-center mt-3\">\n<div class=\"col-lg-auto col-image block-news-main-image\">\n<p>                                <img decoding=\"async\" src=\"https:\/\/www.agrolink.com.br\/upload\/imagens-resizes\/8556e6008e374e39b4edf0c9d6dbe57a_858x483.jpg\" class=\"lazyload img-fluid\" alt=\"O m\u00e9todo qu\u00edmico envolve a aplica\u00e7\u00e3o de herbicidas \"\/><br \/>\n                                                <span class=\"d-block mt-1\">O m\u00e9todo qu\u00edmico envolve a aplica\u00e7\u00e3o de herbicidas  &#8211; Foto: Pixabay<\/span><\/p><\/div>\n<\/p><\/div>\n<div class=\"section-description section-description-noticias mt-3\">\n<p>A remo\u00e7\u00e3o das soqueiras de <a href=\"https:\/\/www.agrolink.com.br\/culturas\/cana-de-acucar\/?utm_source=agrolink-detalhe-noticia&amp;utm_medium=detalhe-noticia&amp;utm_campaign=links-internos\" target=\"_blank\" rel=\"noopener\">cana-de-a\u00e7\u00facar<\/a>, restos das plantas ap\u00f3s a colheita, \u00e9 uma pr\u00e1tica essencial para a renova\u00e7\u00e3o do canavial e o controle de pragas, como o Sphenophorus levis, conhecido como bicudo-da-cana. Segundo Bruno Ferreira, consultor t\u00e9cnico de vendas, a elimina\u00e7\u00e3o pode ser feita por m\u00e9todos qu\u00edmicos, mec\u00e2nicos ou pela combina\u00e7\u00e3o de ambos, dependendo das condi\u00e7\u00f5es da lavoura e dos objetivos do produtor.&#13;\n<\/p>\n<p>O m\u00e9todo qu\u00edmico envolve a aplica\u00e7\u00e3o de herbicidas para enfraquecer ou eliminar os tocos remanescentes. No entanto, essa abordagem, quando usada isoladamente, costuma ter efic\u00e1cia limitada. Por isso, \u00e9 comum associ\u00e1-la \u00e0 elimina\u00e7\u00e3o mec\u00e2nica, que promove a remo\u00e7\u00e3o f\u00edsica das soqueiras por meio de implementos agr\u00edcolas. Entre os equipamentos dispon\u00edveis, destacam-se os eliminadores com acionamento por cardan e os modelos hidr\u00e1ulicos, que oferecem menor desgaste, maior efici\u00eancia e reduzem a necessidade de manuten\u00e7\u00e3o.<\/p>\n<p>O per\u00edodo ideal para a realiza\u00e7\u00e3o dessa pr\u00e1tica tamb\u00e9m deve ser considerado. Ferreira destaca que a \u00e9poca seca \u00e9 mais favor\u00e1vel ao uso dos eliminadores mec\u00e2nicos, pois as condi\u00e7\u00f5es do solo melhoram o desempenho dos equipamentos. J\u00e1 durante a reforma dos canaviais, \u00e9 poss\u00edvel integrar os m\u00e9todos conforme a estrat\u00e9gia de manejo adotada.&#13;\n<\/p>\n<p>Mais do que uma etapa operacional, a elimina\u00e7\u00e3o da soqueira \u00e9 um investimento em produtividade. Ao reduzir a infesta\u00e7\u00e3o de pragas e preparar o solo para novas planta\u00e7\u00f5es, a pr\u00e1tica contribui para a longevidade dos canaviais, otimiza os recursos da propriedade e garante melhores resultados ao longo dos ciclos produtivos.<br \/>&#13;<br \/>\n\u00a0<\/p>\n<\/p><\/div>\n<\/p><\/div>\n<p><script data-cfasync=\"false\">\n    !function (f, b, e, v, n, t, s) {\n        if (f.fbq) return; n = f.fbq = function () {\n            n.callMethod ?\n                n.callMethod.apply(n, arguments) : n.queue.push(arguments)\n        };\n        if (!f._fbq) f._fbq = n; n.push = n; n.loaded = !0; n.version = '2.0';\n        n.queue = []; t = b.createElement(e); t.async = !0;\n        t.src = v; s = b.getElementsByTagName(e)[0];\n        s.parentNode.insertBefore(t, s)\n    }(window, document, 'script',\n        'https:\/\/connect.facebook.net\/en_US\/fbevents.js');\n    fbq('init', '522546078623747');\n    fbq('track', 'PageView');\n<\/script><br \/>\n<br \/><br \/>\n<br \/><a href=\"https:\/\/www.agrolink.com.br\/noticias\/eliminacao-de-soqueira-e-estrategia-eficaz-contra-pragas_504414.html\">Source link <\/a><\/p>\n","protected":false},"excerpt":{"rendered":"<p>&#13; O m\u00e9todo qu\u00edmico envolve a aplica\u00e7\u00e3o de herbicidas &#13; &#13; Agrolink&#13; &#13; &#8211; Leonardo Gottems&#13; &#13; Publicado em 29\/07\/2025<\/p>\n","protected":false},"author":1,"featured_media":14715,"comment_status":"open","ping_status":"open","sticky":false,"template":"","format":"standard","meta":{"_monsterinsights_skip_tracking":false,"_monsterinsights_sitenote_active":false,"_monsterinsights_sitenote_note":"","_monsterinsights_sitenote_category":0,"_uf_show_specific_survey":0,"_uf_disable_surveys":false,"footnotes":""},"categories":[8,1,14],"tags":[],"class_list":["post-17667","post","type-post","status-publish","format-standard","has-post-thumbnail","hentry","category-agro","category-news","category-politica-agro"],"_links":{"self":[{"href":"https:\/\/agromt.news\/index.php?rest_route=\/wp\/v2\/posts\/17667"}],"collection":[{"href":"https:\/\/agromt.news\/index.php?rest_route=\/wp\/v2\/posts"}],"about":[{"href":"https:\/\/agromt.news\/index.php?rest_route=\/wp\/v2\/types\/post"}],"author":[{"embeddable":true,"href":"https:\/\/agromt.news\/index.php?rest_route=\/wp\/v2\/users\/1"}],"replies":[{"embeddable":true,"href":"https:\/\/agromt.news\/index.php?rest_route=%2Fwp%2Fv2%2Fcomments&post=17667"}],"version-history":[{"count":0,"href":"https:\/\/agromt.news\/index.php?rest_route=\/wp\/v2\/posts\/17667\/revisions"}],"wp:featuredmedia":[{"embeddable":true,"href":"https:\/\/agromt.news\/index.php?rest_route=\/wp\/v2\/media\/14715"}],"wp:attachment":[{"href":"https:\/\/agromt.news\/index.php?rest_route=%2Fwp%2Fv2%2Fmedia&parent=17667"}],"wp:term":[{"taxonomy":"category","embeddable":true,"href":"https:\/\/agromt.news\/index.php?rest_route=%2Fwp%2Fv2%2Fcategories&post=17667"},{"taxonomy":"post_tag","embeddable":true,"href":"https:\/\/agromt.news\/index.php?rest_route=%2Fwp%2Fv2%2Ftags&post=17667"}],"curies":[{"name":"wp","href":"https:\/\/api.w.org\/{rel}","templated":true}]}}