{"id":17662,"date":"2025-07-29T18:21:31","date_gmt":"2025-07-29T22:21:31","guid":{"rendered":"https:\/\/agromt.news\/?p=17662"},"modified":"2025-07-29T18:21:31","modified_gmt":"2025-07-29T22:21:31","slug":"geada-deve-atingir-areas-de-5-estados-veja-quando-e-onde","status":"publish","type":"post","link":"https:\/\/agromt.news\/?p=17662","title":{"rendered":"Geada deve atingir \u00e1reas de 5 estados; veja quando e onde"},"content":{"rendered":"<p> <br \/>\n<\/p>\n<div>\n<p>A massa de ar polar que avan\u00e7ou pelo Brasil nesta semana segue atuando com for\u00e7a e ser\u00e1 respons\u00e1vel por manter o frio nesta quarta-feira (30), informa a Climatempo. <\/p>\n<div data-icp-cta=\"1\" id=\"icp-cta-unique\">Voc\u00ea quer entender como usar o clima a seu favor?<b> <\/b><a href=\"https:\/\/climacampo.canalrural.com.br\/climacampo_-01\">Preparamos um e-book exclusivo<\/a> para ajudar produtores rurais a se antecipar \u00e0s mudan\u00e7as do tempo e planejar melhor suas a\u00e7\u00f5es. Com base em previs\u00f5es meteorol\u00f3gicas confi\u00e1veis, ele oferece orienta\u00e7\u00f5es pr\u00e1ticas para proteger sua lavoura e otimizar seus resultados.<\/div>\n<p>Ap\u00f3s uma ter\u00e7a-feira gelada, que registrou m\u00ednimas negativas em cidades do Sul, como Urupema e Morro das Torres <strong>(-1,6\u00b0C)<\/strong>, ambas em Santa Catarina, a quarta come\u00e7a com risco de geada em \u00e1reas do Sudeste e Sul, incluindo pontos de S\u00e3o Paulo, Minas Gerais, <strong><a href=\"https:\/\/www.canalrural.com.br\/nacional\/parana\/\">Paran\u00e1<\/a><\/strong>, Santa Catarina e <strong><a href=\"https:\/\/www.canalrural.com.br\/nacional\/rio-grande-do-sul\/\">Rio Grande do Sul<\/a><\/strong> (veja mapa abaixo).<\/p>\n<figure class=\"wp-block-image size-large\"><img fetchpriority=\"high\" decoding=\"async\" width=\"1024\" height=\"1024\" alt=\"risco de geada Climatempo\" class=\"wp-image-4114036\"  data-lazy- src=\"https:\/\/agromt.news\/wp-content\/uploads\/2025\/07\/Geada-deve-atingir-areas-de-5-estados-veja-quando-e.jpg\"\/><img decoding=\"async\" width=\"1024\" height=\"1024\" src=\"https:\/\/agromt.news\/wp-content\/uploads\/2025\/07\/Geada-deve-atingir-areas-de-5-estados-veja-quando-e.jpg\" alt=\"risco de geada Climatempo\" class=\"wp-image-4114036\"  \/><\/figure>\n<p>Assim, o amanhecer desta quarta-feira ser\u00e1 novamente muito frio e com risco de geada em v\u00e1rias \u00e1reas do Sul e do Sudeste. O mapa de risco indica maior potencial para o fen\u00f4meno desde o sul de S\u00e3o Paulo at\u00e9 o Rio Grande do Sul, abrangendo Paran\u00e1 e Santa Catarina.<\/p>\n<\/div>\n<div>\n<p>Segundo a Climatempo, a Serra da Mantiqueira, que engloba cidades como Campos do Jord\u00e3o (SP), Maria da F\u00e9 (MG) e Monte Verde (MG), tamb\u00e9m deve registrar geada devido ao frio intenso combinado com c\u00e9u limpo e baixa umidade.<\/p>\n<h2 class=\"wp-block-heading\" id=\"h-capitais-tambem-sentirao-o-frio\">Capitais tamb\u00e9m sentir\u00e3o o frio<\/h2>\n<p>O frio ser\u00e1 sentido de forma ampla e algumas capitais se destacam pelas m\u00ednimas previstas para quarta-feira (30):<\/p>\n<ul class=\"wp-block-list\">\n<li><strong>Curitiba (PR):<\/strong> m\u00ednima de 2\u202f\u00b0C<\/li>\n<li><strong>Porto Alegre (RS):<\/strong> 5\u202f\u00b0C<\/li>\n<li><strong>Florian\u00f3polis (SC):<\/strong> 6\u202f\u00b0C<\/li>\n<li><strong>S\u00e3o Paulo (SP):<\/strong> 7\u202f\u00b0C<\/li>\n<li><strong>Belo Horizonte (MG):<\/strong> 9\u202f\u00b0C<\/li>\n<\/ul><\/div>\n<p><br \/>\n<br \/><a href=\"https:\/\/www.canalrural.com.br\/tempo\/geada-deve-atingir-areas-de-5-estados-veja-quando-e-onde\/\">Source link <\/a><\/p>\n","protected":false},"excerpt":{"rendered":"<p>A massa de ar polar que avan\u00e7ou pelo Brasil nesta semana segue atuando com for\u00e7a e ser\u00e1 respons\u00e1vel por manter<\/p>\n","protected":false},"author":1,"featured_media":10684,"comment_status":"open","ping_status":"open","sticky":false,"template":"","format":"standard","meta":{"_monsterinsights_skip_tracking":false,"_monsterinsights_sitenote_active":false,"_monsterinsights_sitenote_note":"","_monsterinsights_sitenote_category":0,"_uf_show_specific_survey":0,"_uf_disable_surveys":false,"footnotes":""},"categories":[1],"tags":[],"class_list":["post-17662","post","type-post","status-publish","format-standard","has-post-thumbnail","hentry","category-news"],"_links":{"self":[{"href":"https:\/\/agromt.news\/index.php?rest_route=\/wp\/v2\/posts\/17662"}],"collection":[{"href":"https:\/\/agromt.news\/index.php?rest_route=\/wp\/v2\/posts"}],"about":[{"href":"https:\/\/agromt.news\/index.php?rest_route=\/wp\/v2\/types\/post"}],"author":[{"embeddable":true,"href":"https:\/\/agromt.news\/index.php?rest_route=\/wp\/v2\/users\/1"}],"replies":[{"embeddable":true,"href":"https:\/\/agromt.news\/index.php?rest_route=%2Fwp%2Fv2%2Fcomments&post=17662"}],"version-history":[{"count":0,"href":"https:\/\/agromt.news\/index.php?rest_route=\/wp\/v2\/posts\/17662\/revisions"}],"wp:featuredmedia":[{"embeddable":true,"href":"https:\/\/agromt.news\/index.php?rest_route=\/wp\/v2\/media\/10684"}],"wp:attachment":[{"href":"https:\/\/agromt.news\/index.php?rest_route=%2Fwp%2Fv2%2Fmedia&parent=17662"}],"wp:term":[{"taxonomy":"category","embeddable":true,"href":"https:\/\/agromt.news\/index.php?rest_route=%2Fwp%2Fv2%2Fcategories&post=17662"},{"taxonomy":"post_tag","embeddable":true,"href":"https:\/\/agromt.news\/index.php?rest_route=%2Fwp%2Fv2%2Ftags&post=17662"}],"curies":[{"name":"wp","href":"https:\/\/api.w.org\/{rel}","templated":true}]}}