{"id":17660,"date":"2025-07-29T18:08:00","date_gmt":"2025-07-29T22:08:00","guid":{"rendered":"https:\/\/agromt.news\/?p=17660"},"modified":"2025-07-29T18:08:00","modified_gmt":"2025-07-29T22:08:00","slug":"frente-fria-no-brasil-e-tarifas-dos-eua-trazem-volatilidade-aos-precos-do-cafe","status":"publish","type":"post","link":"https:\/\/agromt.news\/?p=17660","title":{"rendered":"Frente fria no Brasil e tarifas dos EUA trazem volatilidade aos pre\u00e7os do caf\u00e9"},"content":{"rendered":"<p> <br \/>\n<\/p>\n<div>\n<p>Os pre\u00e7os do caf\u00e9 foram negociados em 307,7 c\/lb na \u00faltima segunda-feira (28), aumento de 1,5% em sete dias. <\/p>\n<p>De acordo com a Hedgepoint Global Markets, o movimento se deve \u00e0 passagem de uma <strong><a href=\"https:\/\/www.canalrural.com.br\/tempo\/ar-polar-deve-trazer-neve-e-geada-para-estados-brasileiros\/\">frente fria que tende a derrubar as temperaturas<\/a><\/strong> nas principais \u00e1reas produtoras do pa\u00eds, bem como \u00e0s incertezas a respeito das tarifas de 50% sobre as exporta\u00e7\u00f5es brasileiras aos Estados Unidos.<\/p>\n<p>Alguns modelos meteorol\u00f3gicos mostram queda acentuada dos term\u00f4metros no sul de Minas Gerais, com os term\u00f4metros chegando abaixo dos 5\u00b0C nos pr\u00f3ximos tr\u00eas dias. Com isso, a amea\u00e7a de geadas sobre a regi\u00e3o se intensifica.<\/p>\n<p>De acordo com a analista de intelig\u00eancia de mercado da Hedgepoint, Laleska Moda, al\u00e9m dos riscos clim\u00e1ticos que est\u00e3o por vir, tempestades de granizo j\u00e1 atingiram algumas fazendas de caf\u00e9 do sul mineiro no \u00faltimo fim de semana. <\/p>\n<p>\u201cEmbora o evento tenha sido localizado, afetando apenas uma pequena \u00e1rea, essas fazendas relataram danos causados pelas tempestades de granizo, incluindo perda de folhas e poss\u00edvel impacto na produ\u00e7\u00e3o de 2026\/27. No entanto, foi um evento localizado e ainda \u00e9 muito cedo para avaliar a extens\u00e3o dos danos\u201d, diz.<\/p>\n<h2 class=\"wp-block-heading\" id=\"h-produtores-aguardam-definicoes\">Produtores aguardam defini\u00e7\u00f5es<\/h2>\n<p>A analista destaca as regi\u00f5es brasileiras de conilon, onde a safra 2025\/26 est\u00e1 basicamente completa, o clima tem sido mais favor\u00e1vel, com algumas fazendas no Esp\u00edrito Santo e na Bahia entrando no per\u00edodo de flora\u00e7\u00e3o da safra 2026\/27. <\/p>\n<p>\u201cNesse contexto, o aumento das chuvas \u00e9 vital para o desenvolvimento e fixa\u00e7\u00e3o adequados das flores\u201d, contextualiza.<\/p>\n<\/div>\n<div>\n<p>Laleska aponta que os atuais riscos clim\u00e1ticos no Brasil e a quest\u00e3o com as tarifas dos Estados Unidos tamb\u00e9m mantiveram as vendas de caf\u00e9 no pa\u00eds lentas, enquanto os produtores aguardam novas defini\u00e7\u00f5es. <\/p>\n<p>\u201cEmbora o governo brasileiro e outros agentes da cadeia de suprimentos, como o Cecaf\u00e9 e a Associa\u00e7\u00e3o Nacional do Caf\u00e9 (NCA) dos EUA, tenham se engajado em negocia\u00e7\u00f5es comerciais com o governo dos EUA, ainda n\u00e3o foi alcan\u00e7ado um acordo para isentar o caf\u00e9 de tarifas\u201d, ressalta.<\/p>\n<h2 class=\"wp-block-heading\" id=\"h-oferta-mundial-de-cafe-para-os-eua\">Oferta mundial de caf\u00e9 para os EUA<\/h2>\n<p>O fluxo de caf\u00e9 brasileiro para os EUA pode ser momentaneamente interrompido caso a tarifa de 50% sobre as exporta\u00e7\u00f5es seja aprovada.<\/p>\n<p>Segundo a analista da Hedgepoint, se isso acontecer, os torrefadores e exportadores norte-americanos ter\u00e3o que contar com outras origens, como Col\u00f4mbia, Am\u00e9rica Central e \u00c1frica Oriental.<\/p>\n<p>No entanto, n\u00e3o s\u00f3 a maior parte dessas origens est\u00e1 em sua entressafra, com oferta limitada no segundo semestre de 2025, mas os diferenciais tamb\u00e9m s\u00e3o maiores do que os brasileiros. <\/p>\n<figure class=\"wp-block-image size-full\"><img fetchpriority=\"high\" decoding=\"async\" width=\"709\" height=\"265\" alt=\"diferenciais do caf\u00e9\" class=\"wp-image-4114023\"  data-lazy- src=\"https:\/\/agromt.news\/wp-content\/uploads\/2025\/07\/Frente-fria-no-Brasil-e-tarifas-dos-EUA-trazem-volatilidade.jpg\"\/><img decoding=\"async\" width=\"709\" height=\"265\" src=\"https:\/\/agromt.news\/wp-content\/uploads\/2025\/07\/Frente-fria-no-Brasil-e-tarifas-dos-EUA-trazem-volatilidade.jpg\" alt=\"diferenciais do caf\u00e9\" class=\"wp-image-4114023\"  \/><\/figure>\n<p>\u201cEmbora nos \u00faltimos meses os diferenciais brasileiros estiveram elevados, o gr\u00e3o brasileiro costuma ser mais barato do que as outras origens e, com a colheita da safra atual, os pre\u00e7os foram pressionados para baixo recentemente\u201d, enfatiza. <\/p>\n<p>Nesse sentido, n\u00e3o s\u00f3 os EUA podem enfrentar uma redu\u00e7\u00e3o da oferta de caf\u00e9 se n\u00e3o importarem do Brasil, mas tamb\u00e9m os pre\u00e7os tendem a aumentar no pa\u00eds.<\/p>\n<p>\u201cEm uma vis\u00e3o mais ampla, embora alguns pa\u00edses, como Jap\u00e3o e Uni\u00e3o Europeia, tenham chegado a acordos para diminuir as tarifas propostas atuais, as taxas ainda podem impactar a economia norte-americana, especialmente aumentando a infla\u00e7\u00e3o. Portanto, a m\u00e9dio e longo prazo, a demanda por caf\u00e9 pode ser afetada, com as perspectivais de uma persistente volatilidade do lado dos pre\u00e7os\u201d, diz.<\/p>\n<\/p><\/div>\n<p><br \/>\n<br \/><a href=\"https:\/\/www.canalrural.com.br\/agricultura\/frente-fria-no-brasil-e-tarifas-dos-eua-trazem-volatilidade-aos-precos-do-cafe\/\">Source link <\/a><\/p>\n","protected":false},"excerpt":{"rendered":"<p>Os pre\u00e7os do caf\u00e9 foram negociados em 307,7 c\/lb na \u00faltima segunda-feira (28), aumento de 1,5% em sete dias. De<\/p>\n","protected":false},"author":1,"featured_media":17661,"comment_status":"open","ping_status":"open","sticky":false,"template":"","format":"standard","meta":{"_monsterinsights_skip_tracking":false,"_monsterinsights_sitenote_active":false,"_monsterinsights_sitenote_note":"","_monsterinsights_sitenote_category":0,"_uf_show_specific_survey":0,"_uf_disable_surveys":false,"footnotes":""},"categories":[1],"tags":[],"class_list":["post-17660","post","type-post","status-publish","format-standard","has-post-thumbnail","hentry","category-news"],"_links":{"self":[{"href":"https:\/\/agromt.news\/index.php?rest_route=\/wp\/v2\/posts\/17660"}],"collection":[{"href":"https:\/\/agromt.news\/index.php?rest_route=\/wp\/v2\/posts"}],"about":[{"href":"https:\/\/agromt.news\/index.php?rest_route=\/wp\/v2\/types\/post"}],"author":[{"embeddable":true,"href":"https:\/\/agromt.news\/index.php?rest_route=\/wp\/v2\/users\/1"}],"replies":[{"embeddable":true,"href":"https:\/\/agromt.news\/index.php?rest_route=%2Fwp%2Fv2%2Fcomments&post=17660"}],"version-history":[{"count":0,"href":"https:\/\/agromt.news\/index.php?rest_route=\/wp\/v2\/posts\/17660\/revisions"}],"wp:featuredmedia":[{"embeddable":true,"href":"https:\/\/agromt.news\/index.php?rest_route=\/wp\/v2\/media\/17661"}],"wp:attachment":[{"href":"https:\/\/agromt.news\/index.php?rest_route=%2Fwp%2Fv2%2Fmedia&parent=17660"}],"wp:term":[{"taxonomy":"category","embeddable":true,"href":"https:\/\/agromt.news\/index.php?rest_route=%2Fwp%2Fv2%2Fcategories&post=17660"},{"taxonomy":"post_tag","embeddable":true,"href":"https:\/\/agromt.news\/index.php?rest_route=%2Fwp%2Fv2%2Ftags&post=17660"}],"curies":[{"name":"wp","href":"https:\/\/api.w.org\/{rel}","templated":true}]}}