{"id":17646,"date":"2025-07-29T15:39:08","date_gmt":"2025-07-29T19:39:08","guid":{"rendered":"https:\/\/agromt.news\/?p=17646"},"modified":"2025-07-29T15:39:08","modified_gmt":"2025-07-29T19:39:08","slug":"richard-rasmussen-estreia-programa-sobre-o-agro-no-canal-rural-e-br-in-tv","status":"publish","type":"post","link":"https:\/\/agromt.news\/?p=17646","title":{"rendered":"Richard Rasmussen estreia programa sobre o agro no Canal Rural e BR IN TV"},"content":{"rendered":"<p> <br \/>\n<\/p>\n<div>\n<p>O bi\u00f3logo e comunicador Richard Rasmussen estreia, no dia 5 de agosto, uma nova fase na TV com o programa <em>Agro: A Verdade<\/em>. A atra\u00e7\u00e3o ser\u00e1 exibida gratuitamente nas TVs conectadas por meio das plataformas Fast do <a href=\"https:\/\/www.canalrural.com.br\/ao-vivo\" data-type=\"link\" data-id=\"https:\/\/www.canalrural.com.br\/ao-vivo\">Canal Rural<\/a> e do BR IN TV, marcando a chegada do apresentador a esse novo modelo de distribui\u00e7\u00e3o de conte\u00fado.<\/p>\n<p>Conhecido nacionalmente por s\u00e9ries como <em>Aventura Selvagem<\/em> e <em>Mundo Selvagem<\/em>, Rasmussen agora volta seu olhar para o agroneg\u00f3cio brasileiro. Em seu novo programa, ele apresenta a for\u00e7a do campo com reportagens que revelam curiosidades, inova\u00e7\u00f5es e os bastidores da produ\u00e7\u00e3o agropecu\u00e1ria. A proposta \u00e9 mostrar o setor de forma pr\u00f3xima, humana e envolvente, valorizando quem vive e trabalha na terra.<\/p>\n<p>Os epis\u00f3dios re\u00fanem uma sele\u00e7\u00e3o das principais reportagens realizadas pelo apresentador sobre agricultura e pecu\u00e1ria, explorando a rela\u00e7\u00e3o entre natureza e produ\u00e7\u00e3o de alimentos. A linguagem direta e o estilo aventureiro de Rasmussen prometem atrair tanto o p\u00fablico rural quanto o urbano.<\/p>\n<p>A escolha das plataformas Fast <em>(Free Ad-supported Streaming TV)<\/em> segue uma tend\u00eancia crescente de consumo de conte\u00fado gratuito e sob demanda em <em>smart TVs<\/em>. O programa ser\u00e1 exibido nas TVs Samsung, LG e TCL, com sinal dispon\u00edvel nos seguintes canais:<\/p>\n<\/div>\n<div>\n<p>\u201cA chegada do Richard Rasmussen \u00e9 um marco em nossa estrat\u00e9gia de valorizar as TVs Conectadas\u201d, afirma Jaqueline Silva, diretora de Programa\u00e7\u00e3o do Canal Rural e do BR IN TV. \u201cEstamos vivendo uma revolu\u00e7\u00e3o na forma de consumir conte\u00fado, e queremos oferecer produ\u00e7\u00f5es premium, informativas e conectadas com o agroneg\u00f3cio brasileiro\u201d, complementa.<\/p>\n<p>Al\u00e9m do novo programa de Rasmussen, o BR IN TV vem ampliando seu portf\u00f3lio de conte\u00fados. Nas \u00faltimas semanas, estreou <em>Contando Hist\u00f3rias<\/em>, com Andr\u00e9 Marques, e transmitiu ao vivo os festejos juninos de Caruaru e Aracaju, dois dos maiores do pa\u00eds.<\/p>\n<p><strong>Confira a programa\u00e7\u00e3o de estreia<\/strong>, <strong>no dia 5 de agosto:<\/strong><\/p>\n<ul class=\"wp-block-list\">\n<li><strong>No Canal Rural \u2013<\/strong>\u00a010h30 e 16h30<br \/><em>Onde assistir em Fast: TVs Samsung (2081), LG (136) e TCL (3375)<\/em><br \/>\u00a0<\/li>\n<li><strong>No BR IN TV\u00a0<\/strong>\u2013 8h30, 16h30 e 23h30<br \/><em>Onde assistir em Fast:\u00a0TVs Samsung (canal 2080), LG (canal 137) e TCL (canal 3380)<\/em><\/li>\n<\/ul>\n<p><em>Agro: A Verdade <\/em>ter\u00e1 epis\u00f3dios in\u00e9ditos \u00e0s ter\u00e7as e sextas-feiras, com reprises di\u00e1rias nas plataformas Fast.<\/p>\n<div class=\"wp-block-cover mcloud-attachment-4113972\"><img fetchpriority=\"high\" decoding=\"async\" width=\"800\" height=\"450\" class=\"wp-block-cover mcloud-attachment-4113972__image-background wp-image-4113972\" alt=\"\" data-object-fit=\"cover\"  data-lazy- src=\"https:\/\/agromt.news\/wp-content\/uploads\/2025\/07\/Richard-Rasmussen-estreia-programa-sobre-o-agro-no-Canal-Rural.jpg\"\/><img decoding=\"async\" width=\"800\" height=\"450\" class=\"wp-block-cover mcloud-attachment-4113972__image-background wp-image-4113972\" alt=\"\" src=\"https:\/\/agromt.news\/wp-content\/uploads\/2025\/07\/Richard-Rasmussen-estreia-programa-sobre-o-agro-no-Canal-Rural.jpg\" data-object-fit=\"cover\"  \/><span aria-hidden=\"true\" class=\"wp-block-cover mcloud-attachment-4113972__background has-background-dim\"\/><\/div>\n<\/p><\/div>\n<p><br \/>\n<br \/><a href=\"https:\/\/www.canalrural.com.br\/agricultura\/richard-rasmussen-estreia-programa-sobre-o-agro-no-canal-rural-e-br-in-tv\/\">Source link <\/a><\/p>\n","protected":false},"excerpt":{"rendered":"<p>O bi\u00f3logo e comunicador Richard Rasmussen estreia, no dia 5 de agosto, uma nova fase na TV com o programa<\/p>\n","protected":false},"author":1,"featured_media":17647,"comment_status":"open","ping_status":"open","sticky":false,"template":"","format":"standard","meta":{"_monsterinsights_skip_tracking":false,"_monsterinsights_sitenote_active":false,"_monsterinsights_sitenote_note":"","_monsterinsights_sitenote_category":0,"_uf_show_specific_survey":0,"_uf_disable_surveys":false,"footnotes":""},"categories":[1],"tags":[],"class_list":["post-17646","post","type-post","status-publish","format-standard","has-post-thumbnail","hentry","category-news"],"_links":{"self":[{"href":"https:\/\/agromt.news\/index.php?rest_route=\/wp\/v2\/posts\/17646"}],"collection":[{"href":"https:\/\/agromt.news\/index.php?rest_route=\/wp\/v2\/posts"}],"about":[{"href":"https:\/\/agromt.news\/index.php?rest_route=\/wp\/v2\/types\/post"}],"author":[{"embeddable":true,"href":"https:\/\/agromt.news\/index.php?rest_route=\/wp\/v2\/users\/1"}],"replies":[{"embeddable":true,"href":"https:\/\/agromt.news\/index.php?rest_route=%2Fwp%2Fv2%2Fcomments&post=17646"}],"version-history":[{"count":0,"href":"https:\/\/agromt.news\/index.php?rest_route=\/wp\/v2\/posts\/17646\/revisions"}],"wp:featuredmedia":[{"embeddable":true,"href":"https:\/\/agromt.news\/index.php?rest_route=\/wp\/v2\/media\/17647"}],"wp:attachment":[{"href":"https:\/\/agromt.news\/index.php?rest_route=%2Fwp%2Fv2%2Fmedia&parent=17646"}],"wp:term":[{"taxonomy":"category","embeddable":true,"href":"https:\/\/agromt.news\/index.php?rest_route=%2Fwp%2Fv2%2Fcategories&post=17646"},{"taxonomy":"post_tag","embeddable":true,"href":"https:\/\/agromt.news\/index.php?rest_route=%2Fwp%2Fv2%2Ftags&post=17646"}],"curies":[{"name":"wp","href":"https:\/\/api.w.org\/{rel}","templated":true}]}}