{"id":17644,"date":"2025-07-29T15:24:00","date_gmt":"2025-07-29T19:24:00","guid":{"rendered":"https:\/\/agromt.news\/?p=17644"},"modified":"2025-07-29T15:24:00","modified_gmt":"2025-07-29T19:24:00","slug":"ajuda-do-governo-federal-aos-setores-impactados-por-tarifaco-deve-ser-limitada-e-durar-pouco","status":"publish","type":"post","link":"https:\/\/agromt.news\/?p=17644","title":{"rendered":"Ajuda do governo federal aos setores impactados por tarifa\u00e7o deve ser limitada e durar pouco"},"content":{"rendered":"<p> <br \/>\n<br \/><img decoding=\"async\" src=\"https:\/\/agromt.news\/wp-content\/uploads\/2025\/07\/Ajuda-do-governo-federal-aos-setores-impactados-por-tarifaco-deve.jpg\" \/><\/p>\n<div>\n<p>O governo federal finalizou um <a href=\"https:\/\/www.canalrural.com.br\/diversos\/haddad-entrega-plano-de-contigencia-sobre-tarifaco-para-lula\/\">plano de conting\u00eancia<\/a> para apoiar empresas brasileiras que poder\u00e3o ser impactadas pelo aumento tarif\u00e1rio imposto pelos EUA, previsto para entrar em vigor na pr\u00f3xima sexta-feira (1\u00ba).<\/p>\n<p>Para o economista Silvio Campos Neto, \u00e9 fundamental que tanto o governo federal quanto os governos estaduais adotem medidas para mitigar os efeitos do tarifa\u00e7o. No entanto, ele ressalta que essas a\u00e7\u00f5es t\u00eam impacto limitado e de curta dura\u00e7\u00e3o.<\/p>\n<p>\u201c\u00c9 importante que os governos tenham planos de conting\u00eancia para, ao menos, reduzir temporariamente os efeitos da tarifa. Mas, seja qual for a medida adotada, ela ser\u00e1 paliativa. Estamos falando de um mercado extremamente relevante e, para alguns setores, insubstitu\u00edvel, seja pelo mercado interno ou por outros pa\u00edses. A solu\u00e7\u00e3o efetiva, se vier, ser\u00e1 por meio de negocia\u00e7\u00f5es capazes de reverter esse cen\u00e1rio\u201d, afirmou.<\/p>\n<figure class=\"wp-block-embed is-type-video is-provider-youtube wp-block-embed-youtube wp-embed-aspect-16-9 wp-has-aspect-ratio\">\n<p>\n<iframe title=\"Governo prepara plano para ajudar empresas afetadas pelo tarifa\u00e7o\" width=\"800\" height=\"450\" src=\"https:\/\/www.youtube.com\/embed\/bAueXcZSMkY?feature=oembed\" frameborder=\"0\" allow=\"accelerometer; autoplay; clipboard-write; encrypted-media; gyroscope; picture-in-picture; web-share\" referrerpolicy=\"strict-origin-when-cross-origin\" allowfullscreen><\/iframe>\n<\/p>\n<\/figure>\n<p><em>Veja em primeira m\u00e3o tudo sobre agricultura, pecu\u00e1ria, economia e previs\u00e3o do tempo:<\/em><a href=\"https:\/\/news.google.com\/publications\/CAAqBwgKMPKZlQswq_mqAw?hl=pt-BR&amp;gl=BR&amp;ceid=BR%3Apt-419\" target=\"_blank\" rel=\"noreferrer noopener\"><em>\u00a0siga o Canal Rural no Google News!<\/em><\/a><\/p>\n<p>Campos Neto tamb\u00e9m destacou que a capacidade do governo brasileiro de oferecer ajuda financeira a setores afetados \u00e9 limitada, devido \u00e0 fragilidade fiscal do pa\u00eds.<\/p>\n<\/div>\n<div>\n<p>\u201d A situa\u00e7\u00e3o fiscal do Brasil \u00e9 muito delicada. N\u00e3o h\u00e1 espa\u00e7o no or\u00e7amento para medidas que exijam grandes volumes de recursos. Em casos pontuais e extraordin\u00e1rios, at\u00e9 \u00e9 poss\u00edvel recorrer a cr\u00e9ditos especiais para atender demandas emergenciais. Mas n\u00e3o h\u00e1 margem para gastos com subs\u00eddios ou qualquer tipo de apoio mais duradouro e abrangente\u201d, explicou o economista.<\/p>\n<h2 class=\"wp-block-heading\" id=\"h-busca-por-novos-mercados\">Busca por novos mercados<\/h2>\n<p>Uma das alternativas estudadas pelo setor produtivo diante da taxa\u00e7\u00e3o imposta pelos EUA \u00e9 a diversifica\u00e7\u00e3o de mercados. No entanto, segundo Campos Neto, essa tarefa \u00e9 complexa, especialmente em setores com alta depend\u00eancia do mercado norte-americano.<\/p>\n<p>\u201cAlguns segmentos, especialmente os ligados \u00e0 ind\u00fastria e ao agroneg\u00f3cio, j\u00e1 devem estar em busca de novos mercados, o que \u00e9 positivo. Diversificar a demanda reduz a exposi\u00e7\u00e3o a choques como esse. Mas sabemos que isso n\u00e3o \u00e9 simples. Para produtos como suco de laranja e caf\u00e9, por exemplo, os EUA s\u00e3o o principal comprador. Redirecionar essas exporta\u00e7\u00f5es para outros pa\u00edses ou absorv\u00ea-las no mercado interno ser\u00e1 uma tarefa dif\u00edcil\u201d.<\/p>\n<p>Segundo o economista, no curto prazo, setores exportadores podem enfrentar queda de pre\u00e7os e ter\u00e3o de fazer ajustes na produ\u00e7\u00e3o caso a taxa\u00e7\u00e3o se concretize e n\u00e3o haja solu\u00e7\u00e3o negociada.<\/p>\n<\/p><\/div>\n<p><br \/>\n<br \/><a href=\"https:\/\/www.canalrural.com.br\/economia\/ajuda-do-governo-federal-aos-setores-impactados-por-tarifaco-deve-ser-limitada-e-durar-pouco\/\">Source link <\/a><\/p>\n","protected":false},"excerpt":{"rendered":"<p>O governo federal finalizou um plano de conting\u00eancia para apoiar empresas brasileiras que poder\u00e3o ser impactadas pelo aumento tarif\u00e1rio imposto<\/p>\n","protected":false},"author":1,"featured_media":17645,"comment_status":"open","ping_status":"open","sticky":false,"template":"","format":"standard","meta":{"_monsterinsights_skip_tracking":false,"_monsterinsights_sitenote_active":false,"_monsterinsights_sitenote_note":"","_monsterinsights_sitenote_category":0,"_uf_show_specific_survey":0,"_uf_disable_surveys":false,"footnotes":""},"categories":[1],"tags":[],"class_list":["post-17644","post","type-post","status-publish","format-standard","has-post-thumbnail","hentry","category-news"],"_links":{"self":[{"href":"https:\/\/agromt.news\/index.php?rest_route=\/wp\/v2\/posts\/17644"}],"collection":[{"href":"https:\/\/agromt.news\/index.php?rest_route=\/wp\/v2\/posts"}],"about":[{"href":"https:\/\/agromt.news\/index.php?rest_route=\/wp\/v2\/types\/post"}],"author":[{"embeddable":true,"href":"https:\/\/agromt.news\/index.php?rest_route=\/wp\/v2\/users\/1"}],"replies":[{"embeddable":true,"href":"https:\/\/agromt.news\/index.php?rest_route=%2Fwp%2Fv2%2Fcomments&post=17644"}],"version-history":[{"count":0,"href":"https:\/\/agromt.news\/index.php?rest_route=\/wp\/v2\/posts\/17644\/revisions"}],"wp:featuredmedia":[{"embeddable":true,"href":"https:\/\/agromt.news\/index.php?rest_route=\/wp\/v2\/media\/17645"}],"wp:attachment":[{"href":"https:\/\/agromt.news\/index.php?rest_route=%2Fwp%2Fv2%2Fmedia&parent=17644"}],"wp:term":[{"taxonomy":"category","embeddable":true,"href":"https:\/\/agromt.news\/index.php?rest_route=%2Fwp%2Fv2%2Fcategories&post=17644"},{"taxonomy":"post_tag","embeddable":true,"href":"https:\/\/agromt.news\/index.php?rest_route=%2Fwp%2Fv2%2Ftags&post=17644"}],"curies":[{"name":"wp","href":"https:\/\/api.w.org\/{rel}","templated":true}]}}