{"id":17634,"date":"2025-07-29T13:22:49","date_gmt":"2025-07-29T17:22:49","guid":{"rendered":"https:\/\/agromt.news\/?p=17634"},"modified":"2025-07-29T13:22:49","modified_gmt":"2025-07-29T17:22:49","slug":"cerro-azul-conquista-indicacao-geografica-com-a-tangerina-ponkan","status":"publish","type":"post","link":"https:\/\/agromt.news\/?p=17634","title":{"rendered":"Cerro Azul conquista Indica\u00e7\u00e3o Geogr\u00e1fica com a tangerina ponkan"},"content":{"rendered":"<p> <br \/>\n<\/p>\n<div>\n<p>Nesta ter\u00e7a-feira (29), a tangerina \u2018Ponkan de Cerro Azul\u2019, no Vale do Ribeira, Paran\u00e1 (PR), recebeu o registro de <a href=\"https:\/\/www.canalrural.com.br\/empreendedorismo\/cafe-de-torrinha-conquista-selo-de-indicacao-geografica\/\">Indica\u00e7\u00e3o Geogr\u00e1fica<\/a> (IG) na categoria Indica\u00e7\u00e3o de Proced\u00eancia (IP). O reconhecimento foi concedido pelo Instituto Nacional da Propriedade Industrial (<strong><a href=\"https:\/\/www.gov.br\/inpi\/pt-br\/central-de-conteudo\/noticias\/inpi-reconhece-o-primeiro-registro-de-ig-para-tangerina\">Inpi<\/a><\/strong>). <\/p>\n<p>Desde 2023, o munic\u00edpio tornou-se a \u2018Capital Nacional da Ponkan\u2019. Atualmente, responde por cerca de 10% da produ\u00e7\u00e3o da fruta no Brasil. Al\u00e9m disso, a <a href=\"https:\/\/www.canalrural.com.br\/empreendedorismo\/cafe-de-torrinha-conquista-selo-de-indicacao-geografica\/\">conquista da IG<\/a>, reflete o trabalho iniciado em 2021, com a uni\u00e3o de mais de 130 produtores locais. <\/p>\n<p>Para esta conquista, o processo envolveu diagn\u00f3stico t\u00e9cnico feito pelo <a href=\"https:\/\/pr.agenciasebrae.com.br\/cultura-empreendedora\/tangerina-ponkan-de-cerro-azul-e-a-21a-indicacao-geografica-do-parana\/\">Sebrae\/PR<\/a>, mobiliza\u00e7\u00e3o dos agricultores e apoio da Prefeitura, do Instituto de Desenvolvimento Rural do Paran\u00e1 (IDR-Paran\u00e1) e da Associa\u00e7\u00e3o Vale da Ponkan.<\/p>\n<p>\u201cTodo este esfor\u00e7o trouxe n\u00e3o s\u00f3 o reconhecimento por meio da Indica\u00e7\u00e3o Geogr\u00e1fica, mas o fortalecimento do capital social dos produtores e da economia de Cerro Azul\u201d, afirma Ivan Silva Evangelista, consultor do Sebrae\/PR.<\/p>\n<\/div>\n<div>\n<ul class=\"wp-block-list\">\n<li>Participe do Porteira Aberta Empreender: envie perguntas, sugest\u00f5es e conte a sua hist\u00f3ria de empreendedorismo pelo<a href=\"https:\/\/api.whatsapp.com\/send?phone=5511932796720&amp;PorteiraAbertaEmpreender=SuaMensagem\"> WhatsApp<\/a><\/li>\n<\/ul>\n<figure class=\"wp-block-image size-full is-resized\"><img fetchpriority=\"high\" decoding=\"async\" width=\"550\" height=\"427\" alt=\"Selo concedido pelo Inpi: Ponkan de Cerro Azul\" class=\"wp-image-4113930\" style=\"width:431px;height:auto\"  data-lazy- src=\"https:\/\/agromt.news\/wp-content\/uploads\/2025\/07\/Cerro-Azul-conquista-Indicacao-Geografica-com-a-tangerina-ponkan.png\"\/><img decoding=\"async\" width=\"550\" height=\"427\" src=\"https:\/\/agromt.news\/wp-content\/uploads\/2025\/07\/Cerro-Azul-conquista-Indicacao-Geografica-com-a-tangerina-ponkan.png\" alt=\"Selo concedido pelo Inpi: Ponkan de Cerro Azul\" class=\"wp-image-4113930\" style=\"width:431px;height:auto\"  \/><figcaption class=\"wp-element-caption\">IP Cerro Azul. Foto: Divulga\u00e7\u00e3o: Inpi | ASN\/PR<\/figcaption><\/figure>\n<p>De acordo com o Inpi, este \u00e9 o primeiro registro de IG para tangerina. A \u2018Ponkan de Cerro Azul\u2019 \u00e9 doce e suculenta, com baixa acidez. Sua colora\u00e7\u00e3o mais alaranjada \u00e9 influenciada pelas condi\u00e7\u00f5es do solo e do clima da regi\u00e3o. <\/p>\n<p>A fruta tornou-se a s\u00e9tima IG concedida ao <a href=\"https:\/\/www.canalrural.com.br\/pecuaria\/queijo-colonial-do-parana-conquista-reconhecimento-nacional\/\">Paran\u00e1 <\/a>em 2025. Com isso, o Estado passa a ter 21 Indica\u00e7\u00f5es Geogr\u00e1ficas, empatando com Minas Gerais.<\/p>\n<\/p><\/div>\n<p><br \/>\n<br \/><a href=\"https:\/\/www.canalrural.com.br\/empreendedorismo\/cerro-azul-conquista-indicacao-geografica-com-a-tangerina-ponkan\/\">Source link <\/a><\/p>\n","protected":false},"excerpt":{"rendered":"<p>Nesta ter\u00e7a-feira (29), a tangerina \u2018Ponkan de Cerro Azul\u2019, no Vale do Ribeira, Paran\u00e1 (PR), recebeu o registro de Indica\u00e7\u00e3o<\/p>\n","protected":false},"author":1,"featured_media":17635,"comment_status":"open","ping_status":"open","sticky":false,"template":"","format":"standard","meta":{"_monsterinsights_skip_tracking":false,"_monsterinsights_sitenote_active":false,"_monsterinsights_sitenote_note":"","_monsterinsights_sitenote_category":0,"_uf_show_specific_survey":0,"_uf_disable_surveys":false,"footnotes":""},"categories":[1],"tags":[],"class_list":["post-17634","post","type-post","status-publish","format-standard","has-post-thumbnail","hentry","category-news"],"_links":{"self":[{"href":"https:\/\/agromt.news\/index.php?rest_route=\/wp\/v2\/posts\/17634"}],"collection":[{"href":"https:\/\/agromt.news\/index.php?rest_route=\/wp\/v2\/posts"}],"about":[{"href":"https:\/\/agromt.news\/index.php?rest_route=\/wp\/v2\/types\/post"}],"author":[{"embeddable":true,"href":"https:\/\/agromt.news\/index.php?rest_route=\/wp\/v2\/users\/1"}],"replies":[{"embeddable":true,"href":"https:\/\/agromt.news\/index.php?rest_route=%2Fwp%2Fv2%2Fcomments&post=17634"}],"version-history":[{"count":0,"href":"https:\/\/agromt.news\/index.php?rest_route=\/wp\/v2\/posts\/17634\/revisions"}],"wp:featuredmedia":[{"embeddable":true,"href":"https:\/\/agromt.news\/index.php?rest_route=\/wp\/v2\/media\/17635"}],"wp:attachment":[{"href":"https:\/\/agromt.news\/index.php?rest_route=%2Fwp%2Fv2%2Fmedia&parent=17634"}],"wp:term":[{"taxonomy":"category","embeddable":true,"href":"https:\/\/agromt.news\/index.php?rest_route=%2Fwp%2Fv2%2Fcategories&post=17634"},{"taxonomy":"post_tag","embeddable":true,"href":"https:\/\/agromt.news\/index.php?rest_route=%2Fwp%2Fv2%2Ftags&post=17634"}],"curies":[{"name":"wp","href":"https:\/\/api.w.org\/{rel}","templated":true}]}}