{"id":17615,"date":"2025-07-29T09:42:04","date_gmt":"2025-07-29T13:42:04","guid":{"rendered":"https:\/\/agromt.news\/?p=17615"},"modified":"2025-07-29T09:42:04","modified_gmt":"2025-07-29T13:42:04","slug":"mapa-sinaliza-apoio-a-regulamentacao-do-cultivo-da-cannabis-para-uso-terapeutico","status":"publish","type":"post","link":"https:\/\/agromt.news\/?p=17615","title":{"rendered":"Mapa sinaliza apoio a regulamenta\u00e7\u00e3o do cultivo da cannabis para uso terap\u00eautico"},"content":{"rendered":"<p> <br \/>\n<\/p>\n<div>\n<figure><img decoding=\"async\" src=\"https:\/\/agromt.news\/wp-content\/uploads\/2025\/07\/Mapa-sinaliza-apoio-a-regulamentacao-do-cultivo-da-cannabis-para.jpg\" alt=\"\" \/><figcaption>F\u00e1varo recebe representantes da Associa\u00e7\u00e3o Flor da Vida \/ Divulga\u00e7\u00e3o<\/figcaption><\/figure>\n<\/div>\n<p>O Ministro da Agricultura e Pecu\u00e1ria, Carlos F\u00e1varo, recebeu o deputado estadual Eduardo Suplicy e representantes da Associa\u00e7\u00e3o Flor da Vida para discutir os <a href=\"https:\/\/www.canalrural.com.br\/agricultura\/comissao-aprova-proposta-de-plantio-de-maconha-para-fins-medicinais-no-brasil\/\">avan\u00e7os na regulamenta\u00e7\u00e3o do cultivo da cannabis para uso terap\u00eautico no Brasil<\/a>. O encontro ocorreu na \u00faltima quinta-feira (24), em Bras\u00edlia.<\/p>\n<p>Segundo F\u00e1varo, o minist\u00e9rio \u00e9 favor\u00e1vel \u00e0 pauta e est\u00e1 atuando em conjunto com a Anvisa, o minist\u00e9rio da Fazenda e o minist\u00e9rio da Justi\u00e7a para concluir a regulamenta\u00e7\u00e3o. \u201cO governo vai entregar uma regulamenta\u00e7\u00e3o que melhora a vida de milhares de brasileiros\u201d, afirmou o ministro.<\/p>\n<p>F\u00e1varo tamb\u00e9m refor\u00e7ou que todo cultivo que <a href=\"https:\/\/www.canalrural.com.br\/agricultura\/cultivo-de-cannabis-medicinal-pelo-agronegocio-e-destaque-em-congresso\/\">gere renda e emprego para pequenos, m\u00e9dios e grandes produtores brasileiros<\/a> ser\u00e1 defendido pelo minist\u00e9rio da Agricultura e Pecu\u00e1ria, destacando a import\u00e2ncia da regulamenta\u00e7\u00e3o do cultivo da cannabis no cen\u00e1rio rural nacional. H\u00e1 previs\u00e3o que at\u00e9 o dia 30 de setembro seja entregue uma regulamenta\u00e7\u00e3o final sobre o tema.<\/p>\n<p>O post <a href=\"https:\/\/www.canalrural.com.br\/agricultura\/mapa-sinaliza-apoio-a-regulamentacao-do-cultivo-da-cannabis-para-uso-terapeutico\/\">Mapa sinaliza apoio a regulamenta\u00e7\u00e3o do cultivo da cannabis para uso terap\u00eautico<\/a> apareceu primeiro em <a href=\"https:\/\/www.canalrural.com.br\">Canal Rural<\/a>.<\/p>\n<p><br \/>\n<br \/><a href=\"https:\/\/www.canalrural.com.br\/agricultura\/mapa-sinaliza-apoio-a-regulamentacao-do-cultivo-da-cannabis-para-uso-terapeutico\/\">Source link <\/a><\/p>\n","protected":false},"excerpt":{"rendered":"<p>F\u00e1varo recebe representantes da Associa\u00e7\u00e3o Flor da Vida \/ Divulga\u00e7\u00e3o O Ministro da Agricultura e Pecu\u00e1ria, Carlos F\u00e1varo, recebeu o<\/p>\n","protected":false},"author":1,"featured_media":17616,"comment_status":"open","ping_status":"open","sticky":false,"template":"","format":"standard","meta":{"_monsterinsights_skip_tracking":false,"_monsterinsights_sitenote_active":false,"_monsterinsights_sitenote_note":"","_monsterinsights_sitenote_category":0,"_uf_show_specific_survey":0,"_uf_disable_surveys":false,"footnotes":""},"categories":[1],"tags":[],"class_list":["post-17615","post","type-post","status-publish","format-standard","has-post-thumbnail","hentry","category-news"],"_links":{"self":[{"href":"https:\/\/agromt.news\/index.php?rest_route=\/wp\/v2\/posts\/17615"}],"collection":[{"href":"https:\/\/agromt.news\/index.php?rest_route=\/wp\/v2\/posts"}],"about":[{"href":"https:\/\/agromt.news\/index.php?rest_route=\/wp\/v2\/types\/post"}],"author":[{"embeddable":true,"href":"https:\/\/agromt.news\/index.php?rest_route=\/wp\/v2\/users\/1"}],"replies":[{"embeddable":true,"href":"https:\/\/agromt.news\/index.php?rest_route=%2Fwp%2Fv2%2Fcomments&post=17615"}],"version-history":[{"count":0,"href":"https:\/\/agromt.news\/index.php?rest_route=\/wp\/v2\/posts\/17615\/revisions"}],"wp:featuredmedia":[{"embeddable":true,"href":"https:\/\/agromt.news\/index.php?rest_route=\/wp\/v2\/media\/17616"}],"wp:attachment":[{"href":"https:\/\/agromt.news\/index.php?rest_route=%2Fwp%2Fv2%2Fmedia&parent=17615"}],"wp:term":[{"taxonomy":"category","embeddable":true,"href":"https:\/\/agromt.news\/index.php?rest_route=%2Fwp%2Fv2%2Fcategories&post=17615"},{"taxonomy":"post_tag","embeddable":true,"href":"https:\/\/agromt.news\/index.php?rest_route=%2Fwp%2Fv2%2Ftags&post=17615"}],"curies":[{"name":"wp","href":"https:\/\/api.w.org\/{rel}","templated":true}]}}