{"id":17611,"date":"2025-07-29T09:10:45","date_gmt":"2025-07-29T13:10:45","guid":{"rendered":"https:\/\/agromt.news\/?p=17611"},"modified":"2025-07-29T09:10:45","modified_gmt":"2025-07-29T13:10:45","slug":"tarifaco-pode-aumentar-os-precos-da-alimentacao-em-bares-e-restaurantes","status":"publish","type":"post","link":"https:\/\/agromt.news\/?p=17611","title":{"rendered":"Tarifa\u00e7o pode aumentar os pre\u00e7os da alimenta\u00e7\u00e3o em bares e restaurantes"},"content":{"rendered":"<p> <br \/>\n<br \/><img decoding=\"async\" src=\"https:\/\/agromt.news\/wp-content\/uploads\/2025\/06\/carne-noticia.jpg\" \/><\/p>\n<div>\n<p>A Federa\u00e7\u00e3o de Hot\u00e9is, Restaurantes e Bares do Estado de S\u00e3o Paulo (Fhoresp) avalia que o tarifa\u00e7o dos EUA contra o Brasil, previsto para entrar em vigor no pr\u00f3ximo dia 1\u00ba, dever\u00e1 encarecer a alimenta\u00e7\u00e3o em restaurantes, bares e lanchonetes. De acordo com a entidade, o tarifa\u00e7o exercer\u00e1 press\u00e3o no mercado interno sobre produtos considerados carros-chefes da exporta\u00e7\u00e3o brasileira, como <a href=\"https:\/\/www.canalrural.com.br\/agricultura\/suco-de-laranja-e-o-produto-mais-afetado-por-tarifaco-avalia-cepea\/\">caf\u00e9, carnes, pescados e suco de laranja.<\/a><\/p>\n<p>\u201cEstes alimentos ter\u00e3o toda a cadeia produtiva impactada. O caf\u00e9, por exemplo, pode perder at\u00e9 30% da sua produ\u00e7\u00e3o em exporta\u00e7\u00e3o, o que acarretaria num aumento de at\u00e9 6% no pre\u00e7o interno. Num poss\u00edvel cen\u00e1rio de recess\u00e3o econ\u00f4mica, carnes [bovina e su\u00edna] e pescados tamb\u00e9m dever\u00e3o ter os pre\u00e7os reajustados ao mercado interno para cobrir custos de produ\u00e7\u00e3o\u201d, explica a entidade em nota.<\/p>\n<p><em>Veja em primeira m\u00e3o tudo sobre agricultura, pecu\u00e1ria, economia e previs\u00e3o do tempo:<\/em><a href=\"https:\/\/news.google.com\/publications\/CAAqBwgKMPKZlQswq_mqAw?hl=pt-BR&amp;gl=BR&amp;ceid=BR%3Apt-419\" target=\"_blank\" rel=\"noreferrer noopener\"><em>\u00a0siga o Canal Rural no Google News!<\/em><\/a><\/p>\n<\/div>\n<div>\n<p>A Fhoresp projeta que os impactos nos pre\u00e7os internos aconte\u00e7am a m\u00e9dio e a longo prazos sobre o setor de alimenta\u00e7\u00e3o fora do lar. A estimativa \u00e9 de um aumento que pode chegar a casa dos 10% no card\u00e1pio do brasileiro.<\/p>\n<p>\u201cTemos de colocar todos os cen\u00e1rios \u00e0 mesa, para que o Brasil entenda o que pode estar por vir, inclusive, um quadro de recess\u00e3o econ\u00f4mica. No m\u00e9dio e longo prazo, o mercado interno deve sofrer com impactos em toda a cadeia produtiva, sobretudo no agroneg\u00f3cio\u201d, disse o diretor-executivo da entidade, Edson Pinto.<\/p>\n<p>Ele disse ver como \u201ccatastr\u00f3fica\u201d a taxa\u00e7\u00e3o estadunidense. \u201cUm franco ataque \u00e0 cadeia do agroneg\u00f3cio brasileiro\u201d, afirmou, defendendo uma a\u00e7\u00e3o diplom\u00e1tica e estrat\u00e9gica em defesa dos interesses nacionais.<\/p>\n<\/p><\/div>\n<p><br \/>\n<br \/><a href=\"https:\/\/www.canalrural.com.br\/economia\/tarifaco-pode-aumentar-os-precos-da-alimentacao-em-bares-e-restaurantes\/\">Source link <\/a><\/p>\n","protected":false},"excerpt":{"rendered":"<p>A Federa\u00e7\u00e3o de Hot\u00e9is, Restaurantes e Bares do Estado de S\u00e3o Paulo (Fhoresp) avalia que o tarifa\u00e7o dos EUA contra<\/p>\n","protected":false},"author":1,"featured_media":15891,"comment_status":"open","ping_status":"open","sticky":false,"template":"","format":"standard","meta":{"_monsterinsights_skip_tracking":false,"_monsterinsights_sitenote_active":false,"_monsterinsights_sitenote_note":"","_monsterinsights_sitenote_category":0,"_uf_show_specific_survey":0,"_uf_disable_surveys":false,"footnotes":""},"categories":[1],"tags":[],"class_list":["post-17611","post","type-post","status-publish","format-standard","has-post-thumbnail","hentry","category-news"],"_links":{"self":[{"href":"https:\/\/agromt.news\/index.php?rest_route=\/wp\/v2\/posts\/17611"}],"collection":[{"href":"https:\/\/agromt.news\/index.php?rest_route=\/wp\/v2\/posts"}],"about":[{"href":"https:\/\/agromt.news\/index.php?rest_route=\/wp\/v2\/types\/post"}],"author":[{"embeddable":true,"href":"https:\/\/agromt.news\/index.php?rest_route=\/wp\/v2\/users\/1"}],"replies":[{"embeddable":true,"href":"https:\/\/agromt.news\/index.php?rest_route=%2Fwp%2Fv2%2Fcomments&post=17611"}],"version-history":[{"count":0,"href":"https:\/\/agromt.news\/index.php?rest_route=\/wp\/v2\/posts\/17611\/revisions"}],"wp:featuredmedia":[{"embeddable":true,"href":"https:\/\/agromt.news\/index.php?rest_route=\/wp\/v2\/media\/15891"}],"wp:attachment":[{"href":"https:\/\/agromt.news\/index.php?rest_route=%2Fwp%2Fv2%2Fmedia&parent=17611"}],"wp:term":[{"taxonomy":"category","embeddable":true,"href":"https:\/\/agromt.news\/index.php?rest_route=%2Fwp%2Fv2%2Fcategories&post=17611"},{"taxonomy":"post_tag","embeddable":true,"href":"https:\/\/agromt.news\/index.php?rest_route=%2Fwp%2Fv2%2Ftags&post=17611"}],"curies":[{"name":"wp","href":"https:\/\/api.w.org\/{rel}","templated":true}]}}