{"id":17610,"date":"2025-07-29T08:56:58","date_gmt":"2025-07-29T12:56:58","guid":{"rendered":"https:\/\/agromt.news\/?p=17610"},"modified":"2025-07-29T08:56:58","modified_gmt":"2025-07-29T12:56:58","slug":"o-brasil-nao-e-lula-e-os-eua-nao-sao-trump","status":"publish","type":"post","link":"https:\/\/agromt.news\/?p=17610","title":{"rendered":"O Brasil n\u00e3o \u00e9 Lula e os EUA n\u00e3o s\u00e3o Trump"},"content":{"rendered":"<p> <br \/>\n<\/p>\n<div>\n<p>Nos \u00faltimos anos, a pol\u00edtica internacional tem sido contaminada por personalismos que confundem l\u00edderes moment\u00e2neos com a ess\u00eancia de suas na\u00e7\u00f5es. Isso ficou evidente no recente embate entre o governo brasileiro e a administra\u00e7\u00e3o norte-americana, especialmente com o presidente Donald Trump de volta ao poder e impondo tarifas abusivas contra o Brasil. No meio disso tudo, h\u00e1 uma narrativa perigosa ganhando for\u00e7a: a ideia de que o Brasil \u00e9 sin\u00f4nimo de Lula e os EUA, de Trump.<\/p>\n<p>Essa confus\u00e3o de identidades \u00e9 um erro estrat\u00e9gico. Um erro que enfraquece a capacidade do Brasil de se defender como na\u00e7\u00e3o soberana, e que transforma disputas institucionais leg\u00edtimas em brigas pessoais que n\u00e3o interessam ao povo, nem \u00e0 economia.<\/p>\n<h2 class=\"wp-block-heading\" id=\"h-o-brasil-e-maior-que-qualquer-governo\"><strong>O Brasil \u00e9 maior que qualquer governo<\/strong><\/h2>\n<p>O Brasil tem institui\u00e7\u00f5es, uma Constitui\u00e7\u00e3o, um sistema produtivo robusto, uma popula\u00e7\u00e3o trabalhadora e uma base industrial e agr\u00edcola que vai muito al\u00e9m dos limites ideol\u00f3gicos de qualquer presidente. Reduzir o pa\u00eds a um projeto de governo, seja ele progressista ou conservador, \u00e9 ignorar a diversidade de interesses que formam o tecido nacional.<\/p>\n<p>Hoje, produtores rurais, empres\u00e1rios, exportadores e trabalhadores est\u00e3o sendo atingidos por medidas retaliat\u00f3rias motivadas por conflitos pol\u00edticos entre o Pal\u00e1cio do Planalto e a Casa Branca. \u00c9 inaceit\u00e1vel que a imagem e os interesses do Brasil no exterior sejam afetados por disputas que dizem respeito apenas ao campo pol\u00edtico-partid\u00e1rio.<\/p>\n<h3 class=\"wp-block-heading\" id=\"h-os-eua-nao-sao-trump\">Os EUA n\u00e3o s\u00e3o Trump<\/h3>\n<p>Da mesma forma, os EUA s\u00e3o uma superpot\u00eancia baseada em institui\u00e7\u00f5es centen\u00e1rias, com um Congresso atuante, um sistema judici\u00e1rio independente, uma economia descentralizada e uma sociedade plural. Donald Trump, com todos os seus excessos e posturas err\u00e1ticas, n\u00e3o representa a totalidade da sociedade americana.<\/p>\n<p>A tentativa de Trump de proteger aliados ideol\u00f3gicos fora dos EUA, n\u00e3o representa o consenso nem entre os pr\u00f3prios norte-americanos. Al\u00e9m disso, o uso de tarifas e san\u00e7\u00f5es como forma de pressionar outros pa\u00edses, inclusive o Brasil, revela mais uma estrat\u00e9gia de chantagem comercial do que uma verdadeira pol\u00edtica de Estado.<\/p>\n<\/div>\n<div>\n<p><em>Veja em primeira m\u00e3o tudo sobre agricultura, pecu\u00e1ria, economia e previs\u00e3o do tempo:<\/em><a href=\"https:\/\/news.google.com\/publications\/CAAqBwgKMPKZlQswq_mqAw?hl=pt-BR&amp;gl=BR&amp;ceid=BR%3Apt-419\" target=\"_blank\" rel=\"noreferrer noopener\"><em>\u00a0siga o Canal Rural no Google News!<\/em><\/a><\/p>\n<p>Confundir a rela\u00e7\u00e3o entre dois pa\u00edses com a simpatia (ou antipatia) entre dois l\u00edderes \u00e9 infantilizar a diplomacia. O Brasil precisa se posicionar no cen\u00e1rio internacional com maturidade, defendendo seus interesses estruturais, como com\u00e9rcio justo, soberania sobre seus recursos naturais, e o fortalecimento de sua ind\u00fastria e agricultura.<\/p>\n<p>A crise recente envolvendo tarifas dos EUA sobre produtos brasileiros, supostamente motivada por persegui\u00e7\u00f5es judiciais a aliados de Trump no Brasil, \u00e9 apenas mais um exemplo de como o personalismo gera distor\u00e7\u00f5es. O que est\u00e1 em jogo n\u00e3o \u00e9 apenas o pre\u00e7o da carne ou da soja. \u00c9 a soberania comercial do Brasil, o emprego de milh\u00f5es de brasileiros e o respeito ao nosso sistema legal.<\/p>\n<h3 class=\"wp-block-heading\" id=\"h-conclusao\">Conclus\u00e3o<\/h3>\n<p>\u00c9 hora de o Brasil assumir sua identidade como na\u00e7\u00e3o. Uma identidade que n\u00e3o pode ser sequestrada por governos de ocasi\u00e3o, tampouco serve de palco para disputas externas travadas por interesses que n\u00e3o nos representam. O Brasil n\u00e3o \u00e9 Lula. Os EUA n\u00e3o s\u00e3o Trump.<\/p>\n<p>Ao separar governos de Estados, recuperamos a l\u00f3gica estrat\u00e9gica da diplomacia. Defendemos nossa economia com pragmatismo. E protegemos o futuro do pa\u00eds, com independ\u00eancia, maturidade e responsabilidade.<\/p>\n<div class=\"wp-block-media-text is-stacked-on-mobile\">\n<figure class=\"wp-block-media-text__media\"><img fetchpriority=\"high\" decoding=\"async\" width=\"683\" height=\"1024\" alt=\"Miguel Daoud\" class=\"wp-image-4095706 size-full\"  data-lazy- src=\"https:\/\/agromt.news\/wp-content\/uploads\/2025\/04\/Como-guerras-e-crises-moldaram-o-preco-das-commodities-nos.jpg\"\/><img decoding=\"async\" width=\"683\" height=\"1024\" src=\"https:\/\/agromt.news\/wp-content\/uploads\/2025\/04\/Como-guerras-e-crises-moldaram-o-preco-das-commodities-nos.jpg\" alt=\"Miguel Daoud\" class=\"wp-image-4095706 size-full\"  \/><\/figure>\n<div class=\"wp-block-media-text__content\">\n<p class=\"has-text-align-center\">*<em><strong>Miguel Daoud<\/strong>\u00a0\u00e9 comentarista de Economia e Pol\u00edtica\u00a0do Canal Rural<\/em><\/p>\n<\/div>\n<\/div>\n<hr class=\"wp-block-separator has-alpha-channel-opacity\"\/>\n<p><em>O\u00a0<strong>Canal Rural<\/strong>\u00a0n\u00e3o se responsabiliza pelas opini\u00f5es e conceitos emitidos nos textos desta sess\u00e3o, sendo os conte\u00fados de inteira responsabilidade de seus autores. A empresa se reserva o direito de fazer ajustes no texto para adequa\u00e7\u00e3o \u00e0s normas de publica\u00e7\u00e3o.<\/em><\/p>\n<\/p><\/div>\n<p><br \/>\n<br \/><a href=\"https:\/\/www.canalrural.com.br\/opiniao-noticias\/o-brasil-nao-e-lula-e-os-eua-nao-sao-trump\/\">Source link <\/a><\/p>\n","protected":false},"excerpt":{"rendered":"<p>Nos \u00faltimos anos, a pol\u00edtica internacional tem sido contaminada por personalismos que confundem l\u00edderes moment\u00e2neos com a ess\u00eancia de suas<\/p>\n","protected":false},"author":1,"featured_media":4551,"comment_status":"open","ping_status":"open","sticky":false,"template":"","format":"standard","meta":{"_monsterinsights_skip_tracking":false,"_monsterinsights_sitenote_active":false,"_monsterinsights_sitenote_note":"","_monsterinsights_sitenote_category":0,"_uf_show_specific_survey":0,"_uf_disable_surveys":false,"footnotes":""},"categories":[1],"tags":[],"class_list":["post-17610","post","type-post","status-publish","format-standard","has-post-thumbnail","hentry","category-news"],"_links":{"self":[{"href":"https:\/\/agromt.news\/index.php?rest_route=\/wp\/v2\/posts\/17610"}],"collection":[{"href":"https:\/\/agromt.news\/index.php?rest_route=\/wp\/v2\/posts"}],"about":[{"href":"https:\/\/agromt.news\/index.php?rest_route=\/wp\/v2\/types\/post"}],"author":[{"embeddable":true,"href":"https:\/\/agromt.news\/index.php?rest_route=\/wp\/v2\/users\/1"}],"replies":[{"embeddable":true,"href":"https:\/\/agromt.news\/index.php?rest_route=%2Fwp%2Fv2%2Fcomments&post=17610"}],"version-history":[{"count":0,"href":"https:\/\/agromt.news\/index.php?rest_route=\/wp\/v2\/posts\/17610\/revisions"}],"wp:featuredmedia":[{"embeddable":true,"href":"https:\/\/agromt.news\/index.php?rest_route=\/wp\/v2\/media\/4551"}],"wp:attachment":[{"href":"https:\/\/agromt.news\/index.php?rest_route=%2Fwp%2Fv2%2Fmedia&parent=17610"}],"wp:term":[{"taxonomy":"category","embeddable":true,"href":"https:\/\/agromt.news\/index.php?rest_route=%2Fwp%2Fv2%2Fcategories&post=17610"},{"taxonomy":"post_tag","embeddable":true,"href":"https:\/\/agromt.news\/index.php?rest_route=%2Fwp%2Fv2%2Ftags&post=17610"}],"curies":[{"name":"wp","href":"https:\/\/api.w.org\/{rel}","templated":true}]}}