{"id":17608,"date":"2025-07-29T08:26:08","date_gmt":"2025-07-29T12:26:08","guid":{"rendered":"https:\/\/agromt.news\/?p=17608"},"modified":"2025-07-29T08:26:08","modified_gmt":"2025-07-29T12:26:08","slug":"geada-e-volta-do-frio-em-algumas-regioes-do-pais-veja-a-previsao-do-tempo-para-hoje","status":"publish","type":"post","link":"https:\/\/agromt.news\/?p=17608","title":{"rendered":"Geada e volta do frio em algumas regi\u00f5es do pa\u00eds; veja a previs\u00e3o do tempo para hoje"},"content":{"rendered":"<p> <br \/>\n<br \/><img decoding=\"async\" src=\"https:\/\/agromt.news\/wp-content\/uploads\/2025\/04\/vem-geada-por-ai-Confira-como-sera-o-clima-no.jpg\" \/><\/p>\n<div>\n<p>O avan\u00e7o da frente fria do Sul para o Sudeste provoca melhora gradual no Rio Grande do Sul, com diminui\u00e7\u00e3o das instabilidades nesta ter\u00e7a-feira (29). Apesar disso, ainda h\u00e1 previs\u00e3o de chuvas fracas a moderadas na faixa leste do estado, especialmente entre a Serra e o Litoral Norte. As temperaturas ficam baixas devido ao avan\u00e7o da massa de ar polar sobre a regi\u00e3o, com previs\u00e3o de geada na faixa centro-oeste do Rio Grande do Sul e no sul do Paran\u00e1. H\u00e1 tamb\u00e9m possibilidade de neve nos pontos mais altos da Serra de Santa Catarina durante a madrugada. Outro destaque \u00e9 o nevoeiro previsto para a regi\u00e3o central catarinense. O vento segue intenso no litoral dos tr\u00eas estados do Sul, com rajadas entre 40 e 50 km\/h, e pode chegar aos 70 km\/h no litoral norte ga\u00facho. Com os ventos fortes, h\u00e1 previs\u00e3o de ressaca entre Mostardas (RS) e Florian\u00f3polis (SC), com ondas entre 2,5 m e 3,5 m.<\/p>\n<p>No Sudeste, a frente fria come\u00e7a a se afastar, mas a circula\u00e7\u00e3o dos ventos \u00famidos vindos do oceano mant\u00e9m a instabilidade no litoral, principalmente entre o Rio de Janeiro, o leste de Minas Gerais e o Esp\u00edrito Santo, com previs\u00e3o de chuvas fracas a moderadas. Nas demais \u00e1reas, o tempo permanece firme, com umidade relativa do ar abaixo de 30% no interior de S\u00e3o Paulo e no interior mineiro. As rajadas de vento continuam intensas, variando entre 40 e 50 km\/h na maior parte do litoral. No litoral do Rio de Janeiro, o vento se intensifica ainda mais, soprando entre 51 e 70 km\/h.<\/p>\n<p><em>Veja em primeira m\u00e3o tudo sobre agricultura, pecu\u00e1ria, economia e previs\u00e3o do tempo:<\/em><a href=\"https:\/\/news.google.com\/publications\/CAAqBwgKMPKZlQswq_mqAw?hl=pt-BR&amp;gl=BR&amp;ceid=BR%3Apt-419\" target=\"_blank\" rel=\"noreferrer noopener\"><em>\u00a0siga o Canal Rural no Google News!<\/em><\/a><\/p>\n<\/div>\n<div>\n<p>J\u00e1 no Centro-Oeste, ainda h\u00e1 possibilidade de pancadas isoladas no centro-norte do Mato Grosso do Sul, mas sem grandes acumulados. As temperaturas ficam mais amenas no estado, enquanto em Goi\u00e1s, Mato Grosso e Distrito Federal o tempo permanece quente e seco, com destaque para os baixos \u00edndices de umidade, pr\u00f3ximos de 20% durante a tarde.<\/p>\n<p>Enquanto no Nordeste, a frente fria avan\u00e7a at\u00e9 o sul da Bahia, favorecendo a ocorr\u00eancia de chuva. Ao longo do litoral, a circula\u00e7\u00e3o dos ventos do oceano mant\u00e9m o tempo inst\u00e1vel, com previs\u00e3o de chuva mais intensa entre Macei\u00f3 e Recife, onde h\u00e1 alerta para temporais. Entre Sergipe e o Cear\u00e1, a chuva ocorre na forma de pancadas com intensidade moderada a forte. O interior nordestino segue firme e seco, com temperaturas elevadas e umidade baixa, ficando abaixo de 30% nos per\u00edodos mais quentes do dia.<\/p>\n<p>E na regi\u00e3o Norte, a instabilidade se concentra no Acre e no oeste do Amazonas, onde as pancadas de chuva podem ocorrer com moderada a forte intensidade. No norte de Roraima, a previs\u00e3o \u00e9 de chuva fraca e isolada, enquanto nas demais \u00e1reas da regi\u00e3o o tempo segue firme e ensolarado. Em Manaus, a m\u00e1xima pode chegar a 35\u202f\u00b0C, refor\u00e7ando o desconforto t\u00e9rmico. No extremo oeste, as temperaturas ficam mais amenas devido \u00e0 maior cobertura de nuvens.<\/p>\n<div data-icp-cta=\"1\" id=\"icp-cta-unique\">Voc\u00ea quer entender como usar o clima a seu favor?<b> <\/b><a href=\"https:\/\/climacampo.canalrural.com.br\/climacampo_-01\">Preparamos um e-book exclusivo<\/a> para ajudar produtores rurais a se antecipar \u00e0s mudan\u00e7as do tempo e planejar melhor suas a\u00e7\u00f5es. Com base em previs\u00f5es meteorol\u00f3gicas confi\u00e1veis, ele oferece orienta\u00e7\u00f5es pr\u00e1ticas para proteger sua lavoura e otimizar seus resultados.<\/div>\n<\/div>\n<p><br \/>\n<br \/><a href=\"https:\/\/www.canalrural.com.br\/tempo\/geada-e-volta-do-frio-em-algumas-regioes-do-pais-veja-a-previsao-do-tempo-para-hoje\/\">Source link <\/a><\/p>\n","protected":false},"excerpt":{"rendered":"<p>O avan\u00e7o da frente fria do Sul para o Sudeste provoca melhora gradual no Rio Grande do Sul, com diminui\u00e7\u00e3o<\/p>\n","protected":false},"author":1,"featured_media":13078,"comment_status":"open","ping_status":"open","sticky":false,"template":"","format":"standard","meta":{"_monsterinsights_skip_tracking":false,"_monsterinsights_sitenote_active":false,"_monsterinsights_sitenote_note":"","_monsterinsights_sitenote_category":0,"_uf_show_specific_survey":0,"_uf_disable_surveys":false,"footnotes":""},"categories":[1],"tags":[],"class_list":["post-17608","post","type-post","status-publish","format-standard","has-post-thumbnail","hentry","category-news"],"_links":{"self":[{"href":"https:\/\/agromt.news\/index.php?rest_route=\/wp\/v2\/posts\/17608"}],"collection":[{"href":"https:\/\/agromt.news\/index.php?rest_route=\/wp\/v2\/posts"}],"about":[{"href":"https:\/\/agromt.news\/index.php?rest_route=\/wp\/v2\/types\/post"}],"author":[{"embeddable":true,"href":"https:\/\/agromt.news\/index.php?rest_route=\/wp\/v2\/users\/1"}],"replies":[{"embeddable":true,"href":"https:\/\/agromt.news\/index.php?rest_route=%2Fwp%2Fv2%2Fcomments&post=17608"}],"version-history":[{"count":0,"href":"https:\/\/agromt.news\/index.php?rest_route=\/wp\/v2\/posts\/17608\/revisions"}],"wp:featuredmedia":[{"embeddable":true,"href":"https:\/\/agromt.news\/index.php?rest_route=\/wp\/v2\/media\/13078"}],"wp:attachment":[{"href":"https:\/\/agromt.news\/index.php?rest_route=%2Fwp%2Fv2%2Fmedia&parent=17608"}],"wp:term":[{"taxonomy":"category","embeddable":true,"href":"https:\/\/agromt.news\/index.php?rest_route=%2Fwp%2Fv2%2Fcategories&post=17608"},{"taxonomy":"post_tag","embeddable":true,"href":"https:\/\/agromt.news\/index.php?rest_route=%2Fwp%2Fv2%2Ftags&post=17608"}],"curies":[{"name":"wp","href":"https:\/\/api.w.org\/{rel}","templated":true}]}}