{"id":17606,"date":"2025-07-29T08:11:48","date_gmt":"2025-07-29T12:11:48","guid":{"rendered":"https:\/\/agromt.news\/?p=17606"},"modified":"2025-07-29T08:11:48","modified_gmt":"2025-07-29T12:11:48","slug":"horta-escolar-fortalece-educacao-empreendedora-em-escola-quilombola-em-mg","status":"publish","type":"post","link":"https:\/\/agromt.news\/?p=17606","title":{"rendered":"Horta escolar fortalece educa\u00e7\u00e3o empreendedora em escola quilombola em MG"},"content":{"rendered":"<p> <br \/>\n<br \/><img decoding=\"async\" src=\"https:\/\/agromt.news\/wp-content\/uploads\/2025\/07\/Horta-escolar-fortalece-educacao-empreendedora-em-escola-quilombola-em-MG.png\" \/><\/p>\n<div>\n<p>Na Comunidade Quilombola da Mata dos Crioulos, localizada a 47 quil\u00f4metros de Diamantina, no Vale do Jequitinhonha, aproximadamente, 200 pessoas vivem e mant\u00eam as pr\u00e1ticas culturais e saberes passados por gera\u00e7\u00f5es.\u00a0<\/p>\n<p>Com apoio do<a href=\"https:\/\/mg.agenciasebrae.com.br\/cultura-empreendedora\/escola-quilombola-transforma-horta-comunitaria-em-oportunidade-de-negocio\/\"> Programa Nacional de Educa\u00e7\u00e3o Empreendedora (PNEE)<\/a>, do Sebrae, alunos da Escola Municipal de Algodoeiro passaram a cultivar hortali\u00e7as e a montar kits de verduras e hortali\u00e7as frescas.<\/p>\n<p> O projeto nasceu da necessidade de ensinar pr\u00e1ticas de cultivo e meio ambiente, por\u00e9m ganhou novos rumos com a introdu\u00e7\u00e3o da<strong> <\/strong><a href=\"https:\/\/www.canalrural.com.br\/nacional\/parana\/serie-agrinho-mostra-educacao-integrada-ao-mundo-rural\/\"><strong>educa\u00e7\u00e3o empreendedora<\/strong>.<\/a> <\/p>\n<p>Al\u00e9m disso, os alunos aprenderam a divulgar os produtos nas redes sociais, com orienta\u00e7\u00e3o dos professores.<\/p>\n<p>\u201cN\u00e3o s\u00f3 geramos renda, conseguimos mostrar aos alunos que eles integram um projeto maior, e que \u00e9 poss\u00edvel viver no campo de forma digna\u201d, diz Jeferson Lopes, professor. <\/p>\n<p>Com o valor arrecadado nas vendas, os estudantes realizaram uma viagem ao zool\u00f3gico de Belo Horizonte. <\/p>\n<\/div>\n<div>\n<p>A experi\u00eancia refor\u00e7ou o v\u00ednculo entre esfor\u00e7o e recompensa, al\u00e9m de ampliar a vis\u00e3o de mundo das crian\u00e7as.<\/p>\n<ul class=\"wp-block-list\">\n<li><em>Participe do Porteira Aberta Empreender: envie perguntas, sugest\u00f5es e conte sua hist\u00f3ria de empreendedorismo pelo\u00a0<\/em><a href=\"https:\/\/api.whatsapp.com\/send?phone=5511932796720&amp;PorteiraAbertaEmpreender=SuaMensagem\"><strong>WhatsApp<\/strong><\/a><\/li>\n<\/ul>\n<h2 class=\"wp-block-heading\" id=\"h-horta-que-ensina-e-transforma\">Horta que ensina e transforma<\/h2>\n<p>No \u2018Semin\u00e1rio de Educa\u00e7\u00e3o Empreendedora e Inclusiva\u2019, realizado pelo Sebrae\/MG, em Diamantina, a escola Escola Municipal de Algodoeiro apresentou os resultados da<strong> <\/strong><a href=\"https:\/\/sebrae.com.br\/sites\/PortalSebrae\/ufs\/mg\/trabalhe_conosco?codUf=14\">educa\u00e7\u00e3o empreendedora <\/a>para mais de mil professores da rede p\u00fablica. <\/p>\n<p>Criado em 2013, o Programa Nacional de Educa\u00e7\u00e3o Empreendedora (PNEE) j\u00e1 capacitou mais de 65 mil professores e impactou mais de 627 mil estudantes apenas em Minas Gerais. <\/p>\n<p>A metodologia incentiva que crian\u00e7as e jovens sejam protagonistas do pr\u00f3prio futuro \u2014 com criatividade, coopera\u00e7\u00e3o e autonomia. <\/p>\n<p>O projeto da horta mostra que, mesmo em \u00e1reas rurais, \u00e9 poss\u00edvel ensinar mais que conte\u00fados: \u00e9 poss\u00edvel ensinar prop\u00f3sito.<\/p>\n<\/p><\/div>\n<p><br \/>\n<br \/><a href=\"https:\/\/www.canalrural.com.br\/empreendedorismo\/horta-escolar-fortalece-educacao-empreendedora-em-escola-quilombola-em-mg\/\">Source link <\/a><\/p>\n","protected":false},"excerpt":{"rendered":"<p>Na Comunidade Quilombola da Mata dos Crioulos, localizada a 47 quil\u00f4metros de Diamantina, no Vale do Jequitinhonha, aproximadamente, 200 pessoas<\/p>\n","protected":false},"author":1,"featured_media":17607,"comment_status":"open","ping_status":"open","sticky":false,"template":"","format":"standard","meta":{"_monsterinsights_skip_tracking":false,"_monsterinsights_sitenote_active":false,"_monsterinsights_sitenote_note":"","_monsterinsights_sitenote_category":0,"_uf_show_specific_survey":0,"_uf_disable_surveys":false,"footnotes":""},"categories":[1],"tags":[],"class_list":["post-17606","post","type-post","status-publish","format-standard","has-post-thumbnail","hentry","category-news"],"_links":{"self":[{"href":"https:\/\/agromt.news\/index.php?rest_route=\/wp\/v2\/posts\/17606"}],"collection":[{"href":"https:\/\/agromt.news\/index.php?rest_route=\/wp\/v2\/posts"}],"about":[{"href":"https:\/\/agromt.news\/index.php?rest_route=\/wp\/v2\/types\/post"}],"author":[{"embeddable":true,"href":"https:\/\/agromt.news\/index.php?rest_route=\/wp\/v2\/users\/1"}],"replies":[{"embeddable":true,"href":"https:\/\/agromt.news\/index.php?rest_route=%2Fwp%2Fv2%2Fcomments&post=17606"}],"version-history":[{"count":0,"href":"https:\/\/agromt.news\/index.php?rest_route=\/wp\/v2\/posts\/17606\/revisions"}],"wp:featuredmedia":[{"embeddable":true,"href":"https:\/\/agromt.news\/index.php?rest_route=\/wp\/v2\/media\/17607"}],"wp:attachment":[{"href":"https:\/\/agromt.news\/index.php?rest_route=%2Fwp%2Fv2%2Fmedia&parent=17606"}],"wp:term":[{"taxonomy":"category","embeddable":true,"href":"https:\/\/agromt.news\/index.php?rest_route=%2Fwp%2Fv2%2Fcategories&post=17606"},{"taxonomy":"post_tag","embeddable":true,"href":"https:\/\/agromt.news\/index.php?rest_route=%2Fwp%2Fv2%2Ftags&post=17606"}],"curies":[{"name":"wp","href":"https:\/\/api.w.org\/{rel}","templated":true}]}}