{"id":17604,"date":"2025-07-29T07:17:02","date_gmt":"2025-07-29T11:17:02","guid":{"rendered":"https:\/\/agromt.news\/?p=17604"},"modified":"2025-07-29T07:17:02","modified_gmt":"2025-07-29T11:17:02","slug":"convocacao-de-novos-auditores-fiscais-e-insuficiente","status":"publish","type":"post","link":"https:\/\/agromt.news\/?p=17604","title":{"rendered":"Convoca\u00e7\u00e3o de novos auditores fiscais \u00e9 insuficiente"},"content":{"rendered":"<p> <br \/>\n<\/p>\n<div>\n<div class=\"row\">\n<div class=\"col-lg col-infos mt-0 mt-lg-0\">\n<div class=\"section-sub-title\">\n<p itemprop=\"description\">&#13;<br \/>\n                                O d\u00e9ficit do setor se torna evidente &#13;\n                            <\/p>\n<\/p><\/div>\n<div class=\"container\">\n<div class=\"row\">\n<div class=\"col-lg p-0\">\n<div>\n<div class=\"block-news-main-infos mt-3 text-start\">\n<p>                                            <strong class=\"fn\" itemprop=\"author\" style=\"color: rgb(112, 112, 112); \">&#13;<br \/>\n                                                <a href=\"https:\/\/www.agrolink.com.br\/noticias\/javascript:;\" class=\"text-uppercase\" target=\"_blank\" style=\"color: rgb(112, 112, 112); \" rel=\"noopener\">Agrolink<\/a>&#13;<br \/>\n&#13;<br \/>\n                                                    &#8211; Leonardo Gottems&#13;<br \/>\n&#13;<br \/>\n                                            <\/strong><br \/>\n                                        <\/p>\n<p>                                            <abbr><time datetime=\"2025-07-28T06:25\" itemprop=\"datePublished dateModified\">Publicado em 28\/07\/2025 \u00e0s 06:25h.<\/time><\/abbr><br \/>\n                                            <\/p><\/div>\n<\/p><\/div>\n<\/p><\/div>\n<div class=\"col-lg p-0 text-lg-end\">\n<div>\n<div id=\"mdEnviarPagina\" class=\"modal fade\" role=\"dialog\">\n<div class=\"modal-dialog\">\n<div class=\"modal-content\">\n<div class=\"modal-body\">\n<p><strong>Estimado usu\u00e1rio.<\/strong><br \/>Preencha o formul\u00e1rio abaixo para remeter a p\u00e1gina.<\/p>\n<\/p><\/div>\n<\/p><\/div>\n<\/p><\/div>\n<\/div><\/div>\n<\/p><\/div>\n<\/p><\/div>\n<\/p><\/div>\n<\/p><\/div>\n<\/p><\/div>\n<div class=\"row justify-content-md-center mt-3\">\n<div class=\"col-lg-auto col-image block-news-main-image\">\n<p>                                <img decoding=\"async\" src=\"https:\/\/www.agrolink.com.br\/upload\/imagens-resizes\/c64623f43e174589a2f779404423d9c3_858x483.jpg\" class=\"lazyload img-fluid\"\/><br \/>\n                                                <span class=\"publicity-photo d-block mt-1\">Foto: Mapa<\/span><\/p><\/div>\n<\/p><\/div>\n<div class=\"section-description section-description-noticias mt-3\">\n<p>A nomea\u00e7\u00e3o de 200 novos auditores fiscais federais agropecu\u00e1rios aprovados no Concurso P\u00fablico Nacional Unificado (CPNU) foi recebida como um avan\u00e7o, mas est\u00e1 longe de atender \u00e0s reais necessidades do setor, segundo o Anffa Sindical. Atualmente, h\u00e1 cerca de 2.300 auditores em atividade no Brasil, dos quais 20% j\u00e1 est\u00e3o aptos a se aposentar. Al\u00e9m disso, permanecem abertas 1.350 vagas, resultado de aposentadorias n\u00e3o repostas nos \u00faltimos anos.&#13;\n<\/p>\n<p>O d\u00e9ficit se torna ainda mais preocupante quando se observa que, no in\u00edcio dos anos 2000, o quadro superava os 4 mil profissionais, em um cen\u00e1rio de menor demanda do agroneg\u00f3cio brasileiro. A convoca\u00e7\u00e3o dos 600 candidatos que permanecem no cadastro de reserva \u00e9 vista como essencial para recompor a for\u00e7a de trabalho e manter a seguran\u00e7a sanit\u00e1ria do pa\u00eds.<\/p>\n<p>As dificuldades s\u00e3o especialmente vis\u00edveis em estados como Rio Grande do Norte, Sergipe, Alagoas, Para\u00edba, Maranh\u00e3o, Piau\u00ed e diversas \u00e1reas do Norte, onde h\u00e1 postos com apenas um servidor respons\u00e1vel por todas as atividades de fiscaliza\u00e7\u00e3o e defesa agropecu\u00e1ria. A recomposi\u00e7\u00e3o atual representa apenas um al\u00edvio pontual diante da fragilidade estrutural desses servi\u00e7os.&#13;\n<\/p>\n<p>Al\u00e9m do refor\u00e7o no quadro de pessoal, s\u00e3o necess\u00e1rios investimentos em infraestrutura, capacita\u00e7\u00e3o t\u00e9cnica espec\u00edfica para os novos servidores, moderniza\u00e7\u00e3o tecnol\u00f3gica e renova\u00e7\u00e3o de ve\u00edculos. Tamb\u00e9m se destaca a necessidade de fortalecer o Programa de Vigil\u00e2ncia em Defesa Agropecu\u00e1ria para Fronteiras Internacionais (Vigifronteira), que hoje opera de forma improvisada, sem equipe dedicada e com atua\u00e7\u00e3o volunt\u00e1ria.<\/p>\n<p>\u00a0<\/p>\n<\/p><\/div>\n<\/p><\/div>\n<p><script data-cfasync=\"false\">\n    !function (f, b, e, v, n, t, s) {\n        if (f.fbq) return; n = f.fbq = function () {\n            n.callMethod ?\n                n.callMethod.apply(n, arguments) : n.queue.push(arguments)\n        };\n        if (!f._fbq) f._fbq = n; n.push = n; n.loaded = !0; n.version = '2.0';\n        n.queue = []; t = b.createElement(e); t.async = !0;\n        t.src = v; s = b.getElementsByTagName(e)[0];\n        s.parentNode.insertBefore(t, s)\n    }(window, document, 'script',\n        'https:\/\/connect.facebook.net\/en_US\/fbevents.js');\n    fbq('init', '522546078623747');\n    fbq('track', 'PageView');\n<\/script><br \/>\n<br \/><br \/>\n<br \/><a href=\"https:\/\/www.agrolink.com.br\/noticias\/convocacao-de-novos-auditores-fiscais-e-insuficiente_504352.html\">Source link <\/a><\/p>\n","protected":false},"excerpt":{"rendered":"<p>&#13; O d\u00e9ficit do setor se torna evidente &#13; &#13; Agrolink&#13; &#13; &#8211; Leonardo Gottems&#13; &#13; Publicado em 28\/07\/2025 \u00e0s<\/p>\n","protected":false},"author":1,"featured_media":17605,"comment_status":"open","ping_status":"open","sticky":false,"template":"","format":"standard","meta":{"_monsterinsights_skip_tracking":false,"_monsterinsights_sitenote_active":false,"_monsterinsights_sitenote_note":"","_monsterinsights_sitenote_category":0,"_uf_show_specific_survey":0,"_uf_disable_surveys":false,"footnotes":""},"categories":[8,1,14],"tags":[],"class_list":["post-17604","post","type-post","status-publish","format-standard","has-post-thumbnail","hentry","category-agro","category-news","category-politica-agro"],"_links":{"self":[{"href":"https:\/\/agromt.news\/index.php?rest_route=\/wp\/v2\/posts\/17604"}],"collection":[{"href":"https:\/\/agromt.news\/index.php?rest_route=\/wp\/v2\/posts"}],"about":[{"href":"https:\/\/agromt.news\/index.php?rest_route=\/wp\/v2\/types\/post"}],"author":[{"embeddable":true,"href":"https:\/\/agromt.news\/index.php?rest_route=\/wp\/v2\/users\/1"}],"replies":[{"embeddable":true,"href":"https:\/\/agromt.news\/index.php?rest_route=%2Fwp%2Fv2%2Fcomments&post=17604"}],"version-history":[{"count":0,"href":"https:\/\/agromt.news\/index.php?rest_route=\/wp\/v2\/posts\/17604\/revisions"}],"wp:featuredmedia":[{"embeddable":true,"href":"https:\/\/agromt.news\/index.php?rest_route=\/wp\/v2\/media\/17605"}],"wp:attachment":[{"href":"https:\/\/agromt.news\/index.php?rest_route=%2Fwp%2Fv2%2Fmedia&parent=17604"}],"wp:term":[{"taxonomy":"category","embeddable":true,"href":"https:\/\/agromt.news\/index.php?rest_route=%2Fwp%2Fv2%2Fcategories&post=17604"},{"taxonomy":"post_tag","embeddable":true,"href":"https:\/\/agromt.news\/index.php?rest_route=%2Fwp%2Fv2%2Ftags&post=17604"}],"curies":[{"name":"wp","href":"https:\/\/api.w.org\/{rel}","templated":true}]}}