{"id":17602,"date":"2025-07-29T05:12:55","date_gmt":"2025-07-29T09:12:55","guid":{"rendered":"https:\/\/agromt.news\/?p=17602"},"modified":"2025-07-29T05:12:55","modified_gmt":"2025-07-29T09:12:55","slug":"geracao-z-quer-proposito-o-feijao-tem","status":"publish","type":"post","link":"https:\/\/agromt.news\/?p=17602","title":{"rendered":"Gera\u00e7\u00e3o Z quer prop\u00f3sito: o feij\u00e3o tem"},"content":{"rendered":"<p> <br \/>\n<\/p>\n<div>\n<div class=\"row\">\n<div class=\"col-lg col-infos mt-0 mt-lg-0\">\n<div class=\"section-sub-title\">\n<p itemprop=\"description\">&#13;<br \/>\n                                Alimento tradicional pode se aproveitar da modernidade &#13;\n                            <\/p>\n<\/p><\/div>\n<div class=\"container\">\n<div class=\"row\">\n<div class=\"col-lg p-0\">\n<div>\n<div class=\"block-news-main-infos mt-3 text-start\">\n<p>                                            <strong class=\"fn\" itemprop=\"author\" style=\"color: rgb(112, 112, 112); \">&#13;<br \/>\n                                                <a href=\"https:\/\/www.agrolink.com.br\/noticias\/javascript:;\" class=\"text-uppercase\" target=\"_blank\" style=\"color: rgb(112, 112, 112); \" rel=\"noopener\">Agrolink<\/a>&#13;<br \/>\n&#13;<br \/>\n                                                    &#8211; Leonardo Gottems&#13;<br \/>\n&#13;<br \/>\n                                            <\/strong><br \/>\n                                        <\/p>\n<p>                                            <abbr><time datetime=\"2025-07-28T06:37\" itemprop=\"datePublished dateModified\">Publicado em 28\/07\/2025 \u00e0s 06:37h.<\/time><\/abbr><br \/>\n                                            <\/p><\/div>\n<\/p><\/div>\n<\/p><\/div>\n<div class=\"col-lg p-0 text-lg-end\">\n<div>\n<div id=\"mdEnviarPagina\" class=\"modal fade\" role=\"dialog\">\n<div class=\"modal-dialog\">\n<div class=\"modal-content\">\n<div class=\"modal-body\">\n<p><strong>Estimado usu\u00e1rio.<\/strong><br \/>Preencha o formul\u00e1rio abaixo para remeter a p\u00e1gina.<\/p>\n<\/p><\/div>\n<\/p><\/div>\n<\/p><\/div>\n<\/div><\/div>\n<\/p><\/div>\n<\/p><\/div>\n<\/p><\/div>\n<\/p><\/div>\n<\/p><\/div>\n<div class=\"row justify-content-md-center mt-3\">\n<div class=\"col-lg-auto col-image block-news-main-image\">\n<p>                                <img decoding=\"async\" src=\"https:\/\/www.agrolink.com.br\/upload\/imagens-resizes\/698992a64b5646ef940a3b2f24bd5219_858x483.jpg\" class=\"lazyload img-fluid\" alt=\"Alimento tradicional pode se aproveitar da modernidade \"\/><br \/>\n                                                <span class=\"d-block mt-1\">Alimento tradicional pode se aproveitar da modernidade  &#8211; Foto: Divulga\u00e7\u00e3o<\/span><\/p><\/div>\n<\/p><\/div>\n<div class=\"section-description section-description-noticias mt-3\">\n<p>Enquanto marcas investem milh\u00f5es para entender a Gera\u00e7\u00e3o Z, o <a href=\"https:\/\/www.agrolink.com.br\/culturas\/feijao\/?utm_source=agrolink-detalhe-noticia&amp;utm_medium=detalhe-noticia&amp;utm_campaign=links-internos\" target=\"_blank\" rel=\"noopener\">feij\u00e3o<\/a>, que \u00e9 simples, nutritivo e ancestral e j\u00e1 oferece tudo o que esse p\u00fablico exige: autenticidade, origem respeit\u00e1vel e comida de verdade. Segundo o Instituto Brasileiro de <a href=\"https:\/\/www.agrolink.com.br\/culturas\/feijao\/?utm_source=agrolink-detalhe-noticia&amp;utm_medium=detalhe-noticia&amp;utm_campaign=links-internos\" target=\"_blank\" rel=\"noopener\">feij\u00e3o<\/a> e Pulses (Ibrafe), o gr\u00e3o s\u00edmbolo da mesa brasileira n\u00e3o precisa de caixinha gourmet nem de dancinha no TikTok para ser relevante. Ele \u00e9 cultura, \u00e9 prop\u00f3sito, \u00e9 resist\u00eancia.&#13;\n<\/p>\n<p>A gera\u00e7\u00e3o que cancela marcas em dois stories e organiza protestos no Reels quer mais do que slogans e efeitos especiais. Quer alma no prato, contexto no discurso e verdade nos ingredientes. E o feij\u00e3o entrega tudo isso. Basta parar de vend\u00ea-lo como figurante nas g\u00f4ndolas e dar a ele o lugar de destaque que merece \u2014 como protagonista de uma alimenta\u00e7\u00e3o consciente, saud\u00e1vel e conectada com as ra\u00edzes do Brasil.<\/p>\n<p>O Ibrafe refor\u00e7a: para dialogar com a Gera\u00e7\u00e3o Z, \u00e9 preciso contar hist\u00f3rias. Mostrar de onde vem, dar nome e sobrenome, identidade e, sim, escrever Feij\u00e3o com F mai\u00fasculo. Essa gera\u00e7\u00e3o n\u00e3o quer marketing enfeitado com bacon artificial e glitter; quer saber o que est\u00e1 comendo e por que aquilo importa. Produto de verdade n\u00e3o precisa de firula \u2014 precisa de contexto.&#13;\n<\/p>\n<p>Num tempo em que o superficial perde espa\u00e7o, o feij\u00e3o ressurge como s\u00edmbolo de um novo consumo: com prop\u00f3sito, hist\u00f3ria e alma. Ele est\u00e1 pronto para conquistar prateleiras e cora\u00e7\u00f5es. Falta apenas o mercado enxergar seu verdadeiro valor. \u201cQuer alcan\u00e7ar a Gen Z? Conta a hist\u00f3ria. Mostra de onde veio. D\u00e1 nome, identidade e, por favor, coloca esse F mai\u00fasculo. Porque produto de verdade n\u00e3o precisa de firula \u2014 s\u00f3 de contexto\u201d, conclui.<\/p>\n<p>\u00a0<\/p>\n<\/p><\/div>\n<\/p><\/div>\n<p><script data-cfasync=\"false\">\n    !function (f, b, e, v, n, t, s) {\n        if (f.fbq) return; n = f.fbq = function () {\n            n.callMethod ?\n                n.callMethod.apply(n, arguments) : n.queue.push(arguments)\n        };\n        if (!f._fbq) f._fbq = n; n.push = n; n.loaded = !0; n.version = '2.0';\n        n.queue = []; t = b.createElement(e); t.async = !0;\n        t.src = v; s = b.getElementsByTagName(e)[0];\n        s.parentNode.insertBefore(t, s)\n    }(window, document, 'script',\n        'https:\/\/connect.facebook.net\/en_US\/fbevents.js');\n    fbq('init', '522546078623747');\n    fbq('track', 'PageView');\n<\/script><br \/>\n<br \/><br \/>\n<br \/><a href=\"https:\/\/www.agrolink.com.br\/noticias\/geracao-z-quer-proposito--o-feijao-tem_504356.html\">Source link <\/a><\/p>\n","protected":false},"excerpt":{"rendered":"<p>&#13; Alimento tradicional pode se aproveitar da modernidade &#13; &#13; Agrolink&#13; &#13; &#8211; Leonardo Gottems&#13; &#13; Publicado em 28\/07\/2025 \u00e0s<\/p>\n","protected":false},"author":1,"featured_media":8177,"comment_status":"open","ping_status":"open","sticky":false,"template":"","format":"standard","meta":{"_monsterinsights_skip_tracking":false,"_monsterinsights_sitenote_active":false,"_monsterinsights_sitenote_note":"","_monsterinsights_sitenote_category":0,"_uf_show_specific_survey":0,"_uf_disable_surveys":false,"footnotes":""},"categories":[8,1,14],"tags":[],"class_list":["post-17602","post","type-post","status-publish","format-standard","has-post-thumbnail","hentry","category-agro","category-news","category-politica-agro"],"_links":{"self":[{"href":"https:\/\/agromt.news\/index.php?rest_route=\/wp\/v2\/posts\/17602"}],"collection":[{"href":"https:\/\/agromt.news\/index.php?rest_route=\/wp\/v2\/posts"}],"about":[{"href":"https:\/\/agromt.news\/index.php?rest_route=\/wp\/v2\/types\/post"}],"author":[{"embeddable":true,"href":"https:\/\/agromt.news\/index.php?rest_route=\/wp\/v2\/users\/1"}],"replies":[{"embeddable":true,"href":"https:\/\/agromt.news\/index.php?rest_route=%2Fwp%2Fv2%2Fcomments&post=17602"}],"version-history":[{"count":0,"href":"https:\/\/agromt.news\/index.php?rest_route=\/wp\/v2\/posts\/17602\/revisions"}],"wp:featuredmedia":[{"embeddable":true,"href":"https:\/\/agromt.news\/index.php?rest_route=\/wp\/v2\/media\/8177"}],"wp:attachment":[{"href":"https:\/\/agromt.news\/index.php?rest_route=%2Fwp%2Fv2%2Fmedia&parent=17602"}],"wp:term":[{"taxonomy":"category","embeddable":true,"href":"https:\/\/agromt.news\/index.php?rest_route=%2Fwp%2Fv2%2Fcategories&post=17602"},{"taxonomy":"post_tag","embeddable":true,"href":"https:\/\/agromt.news\/index.php?rest_route=%2Fwp%2Fv2%2Ftags&post=17602"}],"curies":[{"name":"wp","href":"https:\/\/api.w.org\/{rel}","templated":true}]}}