{"id":17598,"date":"2025-07-29T01:21:08","date_gmt":"2025-07-29T05:21:08","guid":{"rendered":"https:\/\/agromt.news\/?p=17598"},"modified":"2025-07-29T01:21:08","modified_gmt":"2025-07-29T05:21:08","slug":"podridao-de-carvao-desafia-sojicultores","status":"publish","type":"post","link":"https:\/\/agromt.news\/?p=17598","title":{"rendered":"Podrid\u00e3o de carv\u00e3o desafia sojicultores"},"content":{"rendered":"<p> <br \/>\n<\/p>\n<div>\n<div class=\"row\">\n<div class=\"col-lg col-infos mt-0 mt-lg-0\">\n<div class=\"section-sub-title\">\n<p itemprop=\"description\">&#13;<br \/>\n                                \u00c9 preciso fazer um manejo adequado &#13;\n                            <\/p>\n<\/p><\/div>\n<div class=\"container\">\n<div class=\"row\">\n<div class=\"col-lg p-0\">\n<div>\n<div class=\"block-news-main-infos mt-3 text-start\">\n<p>                                            <strong class=\"fn\" itemprop=\"author\" style=\"color: rgb(112, 112, 112); \">&#13;<br \/>\n                                                <a href=\"https:\/\/www.agrolink.com.br\/noticias\/javascript:;\" class=\"text-uppercase\" target=\"_blank\" style=\"color: rgb(112, 112, 112); \" rel=\"noopener\">Agrolink<\/a>&#13;<br \/>\n&#13;<br \/>\n                                                    &#8211; Leonardo Gottems&#13;<br \/>\n&#13;<br \/>\n                                            <\/strong><br \/>\n                                        <\/p>\n<p>                                            <abbr><time datetime=\"2025-07-28T06:47\" itemprop=\"datePublished dateModified\">Publicado em 28\/07\/2025 \u00e0s 06:47h.<\/time><\/abbr><br \/>\n                                            <\/p><\/div>\n<\/p><\/div>\n<\/p><\/div>\n<div class=\"col-lg p-0 text-lg-end\">\n<div>\n<div id=\"mdEnviarPagina\" class=\"modal fade\" role=\"dialog\">\n<div class=\"modal-dialog\">\n<div class=\"modal-content\">\n<div class=\"modal-body\">\n<p><strong>Estimado usu\u00e1rio.<\/strong><br \/>Preencha o formul\u00e1rio abaixo para remeter a p\u00e1gina.<\/p>\n<\/p><\/div>\n<\/p><\/div>\n<\/p><\/div>\n<\/div><\/div>\n<\/p><\/div>\n<\/p><\/div>\n<\/p><\/div>\n<\/p><\/div>\n<\/p><\/div>\n<div class=\"row justify-content-md-center mt-3\">\n<div class=\"col-lg-auto col-image block-news-main-image\">\n<p>                                <img decoding=\"async\" src=\"https:\/\/www.agrolink.com.br\/upload\/imagens-resizes\/e7a51c1f3e5f4900b058c7b94e7ead6a_858x483.jpg\" class=\"lazyload img-fluid\" alt=\"\u00c9 preciso fazer um manejo adequado\"\/><br \/>\n                                                <span class=\"d-block mt-1\">\u00c9 preciso fazer um manejo adequado &#8211; Foto: Showtec<\/span><\/p><\/div>\n<\/p><\/div>\n<div class=\"section-description section-description-noticias mt-3\">\n<p>A podrid\u00e3o de carv\u00e3o, causada pelo fungo Macrophomina phaseolina, representa uma amea\u00e7a crescente \u00e0 produtividade da <a href=\"https:\/\/www.agrolink.com.br\/culturas\/soja?utm_source=agrolink-detalhe-noticia&amp;utm_medium=detalhe-noticia&amp;utm_campaign=links-internos\" target=\"_blank\" rel=\"noopener\">soja<\/a> em regi\u00f5es com altas temperaturas e per\u00edodos de seca. Segundo Pablo Augusto Cavalcante Coimbra, assistente de pesquisa na Corteva Agriscience, que compartilhou informa\u00e7\u00f5es sobre o tema em seu perfil no LinkedIn, a doen\u00e7a tamb\u00e9m \u00e9 conhecida como podrid\u00e3o cinzenta ou negra da raiz, e seu impacto pode levar \u00e0 morte prematura das plantas, afetando severamente os rendimentos.&#13;\n<\/p>\n<p>Os sintomas incluem murchamento das plantas, necrose e descolora\u00e7\u00e3o marrom-escura nas ra\u00edzes e na base do caule. Em casos mais avan\u00e7ados, h\u00e1 forma\u00e7\u00e3o de estruturas de resist\u00eancia (escler\u00f3dios) com apar\u00eancia enegrecida. Entre os fatores que favorecem o desenvolvimento da doen\u00e7a est\u00e3o o estresse h\u00eddrico, altas temperaturas, compacta\u00e7\u00e3o e baixa fertilidade do solo \u2014 condi\u00e7\u00f5es que dificultam o crescimento das ra\u00edzes e tornam o ambiente ideal para o pat\u00f3geno.<\/p>\n<p>O manejo da Macrophomina exige uma abordagem integrada, que combine pr\u00e1ticas qu\u00edmicas, biol\u00f3gicas e culturais. Entre as solu\u00e7\u00f5es dispon\u00edveis, destaca-se o biofungicida GRAP BeesTRIC, \u00e0 base do fungo Trichoderma harzianum. Essa tecnologia atua diretamente sobre o pat\u00f3geno, promovendo uma alternativa eficaz e sustent\u00e1vel ao controle convencional. O uso de Trichoderma tem se mostrado promissor na recupera\u00e7\u00e3o da sa\u00fade do solo e no est\u00edmulo ao crescimento das plantas.&#13;\n<\/p>\n<p>Al\u00e9m disso, estrat\u00e9gias como rota\u00e7\u00e3o de culturas com esp\u00e9cies n\u00e3o hospedeiras, manejo da irriga\u00e7\u00e3o para evitar estresse h\u00eddrico, corre\u00e7\u00e3o nutricional, uso de cultivares resistentes e monitoramento constante da lavoura s\u00e3o fundamentais. Adotar essas medidas contribui n\u00e3o apenas para a mitiga\u00e7\u00e3o da doen\u00e7a, mas tamb\u00e9m para a constru\u00e7\u00e3o de sistemas agr\u00edcolas mais resilientes e produtivos.<\/p>\n<\/p><\/div>\n<\/p><\/div>\n<p><script data-cfasync=\"false\">\n    !function (f, b, e, v, n, t, s) {\n        if (f.fbq) return; n = f.fbq = function () {\n            n.callMethod ?\n                n.callMethod.apply(n, arguments) : n.queue.push(arguments)\n        };\n        if (!f._fbq) f._fbq = n; n.push = n; n.loaded = !0; n.version = '2.0';\n        n.queue = []; t = b.createElement(e); t.async = !0;\n        t.src = v; s = b.getElementsByTagName(e)[0];\n        s.parentNode.insertBefore(t, s)\n    }(window, document, 'script',\n        'https:\/\/connect.facebook.net\/en_US\/fbevents.js');\n    fbq('init', '522546078623747');\n    fbq('track', 'PageView');\n<\/script><br \/>\n<br \/><br \/>\n<br \/><a href=\"https:\/\/www.agrolink.com.br\/noticias\/podridao-de-carvao-desafia-sojicultores_504358.html\">Source link <\/a><\/p>\n","protected":false},"excerpt":{"rendered":"<p>&#13; \u00c9 preciso fazer um manejo adequado &#13; &#13; Agrolink&#13; &#13; &#8211; Leonardo Gottems&#13; &#13; Publicado em 28\/07\/2025 \u00e0s 06:47h.<\/p>\n","protected":false},"author":1,"featured_media":17599,"comment_status":"open","ping_status":"open","sticky":false,"template":"","format":"standard","meta":{"_monsterinsights_skip_tracking":false,"_monsterinsights_sitenote_active":false,"_monsterinsights_sitenote_note":"","_monsterinsights_sitenote_category":0,"_uf_show_specific_survey":0,"_uf_disable_surveys":false,"footnotes":""},"categories":[8,1,14],"tags":[],"class_list":["post-17598","post","type-post","status-publish","format-standard","has-post-thumbnail","hentry","category-agro","category-news","category-politica-agro"],"_links":{"self":[{"href":"https:\/\/agromt.news\/index.php?rest_route=\/wp\/v2\/posts\/17598"}],"collection":[{"href":"https:\/\/agromt.news\/index.php?rest_route=\/wp\/v2\/posts"}],"about":[{"href":"https:\/\/agromt.news\/index.php?rest_route=\/wp\/v2\/types\/post"}],"author":[{"embeddable":true,"href":"https:\/\/agromt.news\/index.php?rest_route=\/wp\/v2\/users\/1"}],"replies":[{"embeddable":true,"href":"https:\/\/agromt.news\/index.php?rest_route=%2Fwp%2Fv2%2Fcomments&post=17598"}],"version-history":[{"count":0,"href":"https:\/\/agromt.news\/index.php?rest_route=\/wp\/v2\/posts\/17598\/revisions"}],"wp:featuredmedia":[{"embeddable":true,"href":"https:\/\/agromt.news\/index.php?rest_route=\/wp\/v2\/media\/17599"}],"wp:attachment":[{"href":"https:\/\/agromt.news\/index.php?rest_route=%2Fwp%2Fv2%2Fmedia&parent=17598"}],"wp:term":[{"taxonomy":"category","embeddable":true,"href":"https:\/\/agromt.news\/index.php?rest_route=%2Fwp%2Fv2%2Fcategories&post=17598"},{"taxonomy":"post_tag","embeddable":true,"href":"https:\/\/agromt.news\/index.php?rest_route=%2Fwp%2Fv2%2Ftags&post=17598"}],"curies":[{"name":"wp","href":"https:\/\/api.w.org\/{rel}","templated":true}]}}