{"id":17597,"date":"2025-07-28T23:24:18","date_gmt":"2025-07-29T03:24:18","guid":{"rendered":"https:\/\/agromt.news\/?p=17597"},"modified":"2025-07-28T23:24:18","modified_gmt":"2025-07-29T03:24:18","slug":"venda-soja-antes-que-o-preco-caia","status":"publish","type":"post","link":"https:\/\/agromt.news\/?p=17597","title":{"rendered":"Venda soja antes que o pre\u00e7o caia"},"content":{"rendered":"<p> <br \/>\n<\/p>\n<div>\n<div class=\"row\">\n<div class=\"col-lg col-infos mt-0 mt-lg-0\">\n<div class=\"section-sub-title\">\n<p itemprop=\"description\">&#13;<br \/>\n                                \u00c9 preciso ficar de olho nas tens\u00f5es geopol\u00edticas &#13;\n                            <\/p>\n<\/p><\/div>\n<div class=\"container\">\n<div class=\"row\">\n<div class=\"col-lg p-0\">\n<div>\n<div class=\"block-news-main-infos mt-3 text-start\">\n<p>                                            <strong class=\"fn\" itemprop=\"author\" style=\"color: rgb(112, 112, 112); \">&#13;<br \/>\n                                                <a href=\"https:\/\/www.agrolink.com.br\/noticias\/javascript:;\" class=\"text-uppercase\" target=\"_blank\" style=\"color: rgb(112, 112, 112); \" rel=\"noopener\">Agrolink<\/a>&#13;<br \/>\n&#13;<br \/>\n                                                    &#8211; Leonardo Gottems&#13;<br \/>\n&#13;<br \/>\n                                            <\/strong><br \/>\n                                        <\/p>\n<p>                                            <abbr><time datetime=\"2025-07-28T07:19\" itemprop=\"datePublished dateModified\">Publicado em 28\/07\/2025 \u00e0s 07:19h.<\/time><\/abbr><br \/>\n                                            <\/p><\/div>\n<\/p><\/div>\n<\/p><\/div>\n<div class=\"col-lg p-0 text-lg-end\">\n<div>\n<div id=\"mdEnviarPagina\" class=\"modal fade\" role=\"dialog\">\n<div class=\"modal-dialog\">\n<div class=\"modal-content\">\n<div class=\"modal-body\">\n<p><strong>Estimado usu\u00e1rio.<\/strong><br \/>Preencha o formul\u00e1rio abaixo para remeter a p\u00e1gina.<\/p>\n<\/p><\/div>\n<\/p><\/div>\n<\/p><\/div>\n<\/div><\/div>\n<\/p><\/div>\n<\/p><\/div>\n<\/p><\/div>\n<\/p><\/div>\n<\/p><\/div>\n<div class=\"row justify-content-md-center mt-3\">\n<div class=\"col-lg-auto col-image block-news-main-image\">\n<p>                                <img decoding=\"async\" src=\"https:\/\/www.agrolink.com.br\/upload\/imagens-resizes\/cde0405a358e4713bb122b7b01fbf274_858x483.jpg\" class=\"lazyload img-fluid\" alt=\"\u00c9 preciso ficar de olho nas tens\u00f5es geopol\u00edticas\"\/><br \/>\n                                                <span class=\"d-block mt-1\">\u00c9 preciso ficar de olho nas tens\u00f5es geopol\u00edticas &#8211; Foto: Divulga\u00e7\u00e3o<\/span><\/p><\/div>\n<\/p><\/div>\n<div class=\"section-description section-description-noticias mt-3\">\n<p>A <a href=\"https:\/\/www.agrolink.com.br\/culturas\/soja?utm_source=agrolink-detalhe-noticia&amp;utm_medium=detalhe-noticia&amp;utm_campaign=links-internos\" target=\"_blank\" rel=\"noopener\">soja<\/a> brasileira colhida na safra atual, finalizada em maio, est\u00e1 sendo negociada com pr\u00eamios expressivamente acima da m\u00e9dia hist\u00f3rica, impulsionados pela forte demanda chinesa. Segundo an\u00e1lise da TF Agroecon\u00f4mica, isso ocorre em raz\u00e3o do afastamento da China do mercado norte-americano, em meio \u00e0 disputa tarif\u00e1ria com o ex-presidente Donald Trump. Nos portos brasileiros, as cota\u00e7\u00f5es para agosto giram em torno de R$ 142,00 por saca, enquanto para setembro os pre\u00e7os chegam a R$ 145,00. Em contraste, para maio de 2026, as ofertas est\u00e3o em R$ 136,00 por saca.&#13;\n<\/p>\n<p>Apesar do cen\u00e1rio atual favor\u00e1vel, a TF alerta que esses pr\u00eamios elevados s\u00e3o tempor\u00e1rios. Caso as tens\u00f5es comerciais entre EUA e China sejam resolvidas nos bastidores, como j\u00e1 se especula, a tend\u00eancia \u00e9 de retra\u00e7\u00e3o nos pr\u00eamios. Por isso, a recomenda\u00e7\u00e3o \u00e9 clara: produtores devem aproveitar os pre\u00e7os de agosto e setembro antes que ocorram recuos. A continuidade dos valores atuais depende, sobretudo, do comportamento da demanda chinesa e das condi\u00e7\u00f5es clim\u00e1ticas no Brasil.&#13;\n<\/p>\n<p>Entre os fatores de alta identificados pela consultoria est\u00e3o a demanda firme da China pelas exporta\u00e7\u00f5es brasileiras e os indicadores de eleva\u00e7\u00e3o nos pre\u00e7os internos, com base nos dados do CEPEA (+1,55% em Paranagu\u00e1 e +1,60% no interior). Por outro lado, h\u00e1 elementos de baixa como a aus\u00eancia cont\u00ednua da China no mercado americano, a fluidez das compras chinesas no Brasil, previs\u00e3o de boas chuvas no Centro-Oeste e exporta\u00e7\u00f5es americanas mais fracas. O USDA registrou vendas semanais de soja abaixo do esperado, o que refor\u00e7a a press\u00e3o negativa sobre os pre\u00e7os internacionais.&#13;\n<\/p>\n<p>Diante do cen\u00e1rio vol\u00e1til e incerto, a recomenda\u00e7\u00e3o da TF Agroecon\u00f4mica \u00e9 de comercializa\u00e7\u00e3o imediata, aproveitando os patamares atuais antes que fatores externos provoquem desvaloriza\u00e7\u00e3o<\/p>\n<\/p><\/div>\n<\/p><\/div>\n<p><script data-cfasync=\"false\">\n    !function (f, b, e, v, n, t, s) {\n        if (f.fbq) return; n = f.fbq = function () {\n            n.callMethod ?\n                n.callMethod.apply(n, arguments) : n.queue.push(arguments)\n        };\n        if (!f._fbq) f._fbq = n; n.push = n; n.loaded = !0; n.version = '2.0';\n        n.queue = []; t = b.createElement(e); t.async = !0;\n        t.src = v; s = b.getElementsByTagName(e)[0];\n        s.parentNode.insertBefore(t, s)\n    }(window, document, 'script',\n        'https:\/\/connect.facebook.net\/en_US\/fbevents.js');\n    fbq('init', '522546078623747');\n    fbq('track', 'PageView');\n<\/script><br \/>\n<br \/><br \/>\n<br \/><a href=\"https:\/\/www.agrolink.com.br\/noticias\/venda-soja-antes-que-o-preco-caia_504359.html\">Source link <\/a><\/p>\n","protected":false},"excerpt":{"rendered":"<p>&#13; \u00c9 preciso ficar de olho nas tens\u00f5es geopol\u00edticas &#13; &#13; Agrolink&#13; &#13; &#8211; Leonardo Gottems&#13; &#13; Publicado em 28\/07\/2025<\/p>\n","protected":false},"author":1,"featured_media":4168,"comment_status":"open","ping_status":"open","sticky":false,"template":"","format":"standard","meta":{"_monsterinsights_skip_tracking":false,"_monsterinsights_sitenote_active":false,"_monsterinsights_sitenote_note":"","_monsterinsights_sitenote_category":0,"_uf_show_specific_survey":0,"_uf_disable_surveys":false,"footnotes":""},"categories":[8,1,14],"tags":[],"class_list":["post-17597","post","type-post","status-publish","format-standard","has-post-thumbnail","hentry","category-agro","category-news","category-politica-agro"],"_links":{"self":[{"href":"https:\/\/agromt.news\/index.php?rest_route=\/wp\/v2\/posts\/17597"}],"collection":[{"href":"https:\/\/agromt.news\/index.php?rest_route=\/wp\/v2\/posts"}],"about":[{"href":"https:\/\/agromt.news\/index.php?rest_route=\/wp\/v2\/types\/post"}],"author":[{"embeddable":true,"href":"https:\/\/agromt.news\/index.php?rest_route=\/wp\/v2\/users\/1"}],"replies":[{"embeddable":true,"href":"https:\/\/agromt.news\/index.php?rest_route=%2Fwp%2Fv2%2Fcomments&post=17597"}],"version-history":[{"count":0,"href":"https:\/\/agromt.news\/index.php?rest_route=\/wp\/v2\/posts\/17597\/revisions"}],"wp:featuredmedia":[{"embeddable":true,"href":"https:\/\/agromt.news\/index.php?rest_route=\/wp\/v2\/media\/4168"}],"wp:attachment":[{"href":"https:\/\/agromt.news\/index.php?rest_route=%2Fwp%2Fv2%2Fmedia&parent=17597"}],"wp:term":[{"taxonomy":"category","embeddable":true,"href":"https:\/\/agromt.news\/index.php?rest_route=%2Fwp%2Fv2%2Fcategories&post=17597"},{"taxonomy":"post_tag","embeddable":true,"href":"https:\/\/agromt.news\/index.php?rest_route=%2Fwp%2Fv2%2Ftags&post=17597"}],"curies":[{"name":"wp","href":"https:\/\/api.w.org\/{rel}","templated":true}]}}