{"id":17592,"date":"2025-07-28T19:31:52","date_gmt":"2025-07-28T23:31:52","guid":{"rendered":"https:\/\/agromt.news\/?p=17592"},"modified":"2025-07-28T19:31:52","modified_gmt":"2025-07-28T23:31:52","slug":"precos-do-milho-caem-mas-ha-saida","status":"publish","type":"post","link":"https:\/\/agromt.news\/?p=17592","title":{"rendered":"Pre\u00e7os do milho caem, mas h\u00e1 sa\u00edda"},"content":{"rendered":"<p> <br \/>\n<\/p>\n<div>\n<div class=\"row\">\n<div class=\"col-lg col-infos mt-0 mt-lg-0\">\n<div class=\"section-sub-title\">\n<p itemprop=\"description\">&#13;<br \/>\n                                Entre os fatores de alta observados est\u00e3o os dados positivos das exporta\u00e7\u00f5es dos EUA&#13;\n                            <\/p>\n<\/p><\/div>\n<div class=\"container\">\n<div class=\"row\">\n<div class=\"col-lg p-0\">\n<div>\n<div class=\"block-news-main-infos mt-3 text-start\">\n<p>                                            <strong class=\"fn\" itemprop=\"author\" style=\"color: rgb(112, 112, 112); \">&#13;<br \/>\n                                                <a href=\"https:\/\/www.agrolink.com.br\/noticias\/javascript:;\" class=\"text-uppercase\" target=\"_blank\" style=\"color: rgb(112, 112, 112); \" rel=\"noopener\">Agrolink<\/a>&#13;<br \/>\n&#13;<br \/>\n                                                    &#8211; Leonardo Gottems&#13;<br \/>\n&#13;<br \/>\n                                            <\/strong><br \/>\n                                        <\/p>\n<p>                                            <abbr><time datetime=\"2025-07-28T08:21\" itemprop=\"datePublished dateModified\">Publicado em 28\/07\/2025 \u00e0s 08:21h.<\/time><\/abbr><br \/>\n                                            <\/p><\/div>\n<\/p><\/div>\n<\/p><\/div>\n<div class=\"col-lg p-0 text-lg-end\">\n<div>\n<div id=\"mdEnviarPagina\" class=\"modal fade\" role=\"dialog\">\n<div class=\"modal-dialog\">\n<div class=\"modal-content\">\n<div class=\"modal-body\">\n<p><strong>Estimado usu\u00e1rio.<\/strong><br \/>Preencha o formul\u00e1rio abaixo para remeter a p\u00e1gina.<\/p>\n<\/p><\/div>\n<\/p><\/div>\n<\/p><\/div>\n<\/div><\/div>\n<\/p><\/div>\n<\/p><\/div>\n<\/p><\/div>\n<\/p><\/div>\n<\/p><\/div>\n<div class=\"row justify-content-md-center mt-3\">\n<div class=\"col-lg-auto col-image block-news-main-image\">\n<p>                                <img decoding=\"async\" src=\"https:\/\/www.agrolink.com.br\/upload\/imagens-resizes\/574b335d2fe5493b9536088fdeeef40d_858x483.jpg\" class=\"lazyload img-fluid\" alt=\"Entre os fatores de alta observados est\u00e3o os dados positivos das exporta\u00e7\u00f5es dos EUA\"\/><br \/>\n                                                <span class=\"d-block mt-1\">Entre os fatores de alta observados est\u00e3o os dados positivos das exporta\u00e7\u00f5es dos EUA &#8211; Foto: Nadia Borges<\/span><\/p><\/div>\n<\/p><\/div>\n<div class=\"section-description section-description-noticias mt-3\">\n<p>Diante do atual cen\u00e1rio de pre\u00e7os baixos no mercado de <a href=\"https:\/\/www.agrolink.com.br\/culturas\/milho?utm_source=agrolink-detalhe-noticia&amp;utm_medium=detalhe-noticia&amp;utm_campaign=links-internos&#9;\" target=\"_blank\" rel=\"noopener\">milho<\/a>, a TF Agroecon\u00f4mica recomenda que os produtores adotem estrat\u00e9gias distintas, conforme suas necessidades financeiras imediatas. Segundo a consultoria, quem precisa vender agora para saldar d\u00edvidas da safra deve faz\u00ea-lo, mas com uma importante ressalva: reservar entre 8% e 12% do valor obtido para aplicar em contratos futuros na B3. Essa t\u00e1tica visa compensar as perdas ocasionadas pela venda em um momento de baixa, aproveitando a poss\u00edvel recupera\u00e7\u00e3o dos pre\u00e7os no segundo semestre.&#13;\n<\/p>\n<p>Para os que n\u00e3o est\u00e3o pressionados financeiramente, a recomenda\u00e7\u00e3o \u00e9 manter o milho armazenado e esperar a valoriza\u00e7\u00e3o prevista com a redu\u00e7\u00e3o dos estoques ao longo do segundo semestre. No entanto, a TF Agroecon\u00f4mica alerta sobre o custo de carregamento da posi\u00e7\u00e3o, como j\u00e1 vem destacando em an\u00e1lises anteriores. O movimento t\u00edpico do mercado, com pre\u00e7os altos antes do plantio, queda durante a colheita e recupera\u00e7\u00e3o posterior, refor\u00e7a a import\u00e2ncia de a\u00e7\u00f5es planejadas neste momento.<\/p>\n<p>Entre os fatores de alta observados est\u00e3o os dados positivos das exporta\u00e7\u00f5es dos EUA, segundo o USDA, e novas vendas para M\u00e9xico e Coreia do Sul. No Brasil, a disputa entre ind\u00fastrias de carne, etanol e exportadores pelo milho dispon\u00edvel no segundo semestre tem sustentado os pre\u00e7os internos. As cota\u00e7\u00f5es do CEPEA v\u00eam apresentando melhora, reduzindo perdas acumuladas no m\u00eas.&#13;\n<\/p>\n<p>Por outro lado, a press\u00e3o negativa vem de fatores externos e internos. A frustra\u00e7\u00e3o com os termos do acordo comercial entre EUA e Jap\u00e3o esfriou o mercado em Chicago, e o prov\u00e1vel impasse com o Canad\u00e1, principal comprador do etanol americano, tamb\u00e9m pesa. No Brasil, embora a entrada da safrinha devesse pressionar os pre\u00e7os para baixo, a forte disputa interna mant\u00e9m as cota\u00e7\u00f5es em patamares elevados, afetando a competitividade nas exporta\u00e7\u00f5es, como evidenciado pela perda recente de licita\u00e7\u00f5es sul-coreanas para outros fornecedores.<br \/>&#13;<br \/>\n\u00a0<\/p>\n<\/p><\/div>\n<\/p><\/div>\n<p><script data-cfasync=\"false\">\n    !function (f, b, e, v, n, t, s) {\n        if (f.fbq) return; n = f.fbq = function () {\n            n.callMethod ?\n                n.callMethod.apply(n, arguments) : n.queue.push(arguments)\n        };\n        if (!f._fbq) f._fbq = n; n.push = n; n.loaded = !0; n.version = '2.0';\n        n.queue = []; t = b.createElement(e); t.async = !0;\n        t.src = v; s = b.getElementsByTagName(e)[0];\n        s.parentNode.insertBefore(t, s)\n    }(window, document, 'script',\n        'https:\/\/connect.facebook.net\/en_US\/fbevents.js');\n    fbq('init', '522546078623747');\n    fbq('track', 'PageView');\n<\/script><br \/>\n<br \/><br \/>\n<br \/><a href=\"https:\/\/www.agrolink.com.br\/noticias\/precos-do-milho-caem--mas-ha-saida_504361.html\">Source link <\/a><\/p>\n","protected":false},"excerpt":{"rendered":"<p>&#13; Entre os fatores de alta observados est\u00e3o os dados positivos das exporta\u00e7\u00f5es dos EUA&#13; &#13; Agrolink&#13; &#13; &#8211; Leonardo<\/p>\n","protected":false},"author":1,"featured_media":3610,"comment_status":"open","ping_status":"open","sticky":false,"template":"","format":"standard","meta":{"_monsterinsights_skip_tracking":false,"_monsterinsights_sitenote_active":false,"_monsterinsights_sitenote_note":"","_monsterinsights_sitenote_category":0,"_uf_show_specific_survey":0,"_uf_disable_surveys":false,"footnotes":""},"categories":[8,1,14],"tags":[],"class_list":["post-17592","post","type-post","status-publish","format-standard","has-post-thumbnail","hentry","category-agro","category-news","category-politica-agro"],"_links":{"self":[{"href":"https:\/\/agromt.news\/index.php?rest_route=\/wp\/v2\/posts\/17592"}],"collection":[{"href":"https:\/\/agromt.news\/index.php?rest_route=\/wp\/v2\/posts"}],"about":[{"href":"https:\/\/agromt.news\/index.php?rest_route=\/wp\/v2\/types\/post"}],"author":[{"embeddable":true,"href":"https:\/\/agromt.news\/index.php?rest_route=\/wp\/v2\/users\/1"}],"replies":[{"embeddable":true,"href":"https:\/\/agromt.news\/index.php?rest_route=%2Fwp%2Fv2%2Fcomments&post=17592"}],"version-history":[{"count":0,"href":"https:\/\/agromt.news\/index.php?rest_route=\/wp\/v2\/posts\/17592\/revisions"}],"wp:featuredmedia":[{"embeddable":true,"href":"https:\/\/agromt.news\/index.php?rest_route=\/wp\/v2\/media\/3610"}],"wp:attachment":[{"href":"https:\/\/agromt.news\/index.php?rest_route=%2Fwp%2Fv2%2Fmedia&parent=17592"}],"wp:term":[{"taxonomy":"category","embeddable":true,"href":"https:\/\/agromt.news\/index.php?rest_route=%2Fwp%2Fv2%2Fcategories&post=17592"},{"taxonomy":"post_tag","embeddable":true,"href":"https:\/\/agromt.news\/index.php?rest_route=%2Fwp%2Fv2%2Ftags&post=17592"}],"curies":[{"name":"wp","href":"https:\/\/api.w.org\/{rel}","templated":true}]}}