{"id":17583,"date":"2025-07-28T18:10:04","date_gmt":"2025-07-28T22:10:04","guid":{"rendered":"https:\/\/agromt.news\/?p=17583"},"modified":"2025-07-28T18:10:04","modified_gmt":"2025-07-28T22:10:04","slug":"projeto-de-lei-de-licenciamento-ambiental-levanta-alerta-sobre-judicializacao","status":"publish","type":"post","link":"https:\/\/agromt.news\/?p=17583","title":{"rendered":"Projeto de Lei de Licenciamento Ambiental levanta alerta sobre judicializa\u00e7\u00e3o"},"content":{"rendered":"<p> <br \/>\n<br \/><img decoding=\"async\" src=\"https:\/\/agromt.news\/wp-content\/uploads\/2025\/07\/Projeto-de-Lei-de-Licenciamento-Ambiental-levanta-alerta-sobre-judicializacao.jpeg\" \/><\/p>\n<div>\n<p>O setor do agroneg\u00f3cio acompanha com aten\u00e7\u00e3o os pr\u00f3ximos passos do Projeto de Lei que trata do Licenciamento Ambiental no Brasil. A proposta, j\u00e1 aprovada pelo Congresso, aguarda san\u00e7\u00e3o presidencial e deve trazer mudan\u00e7as importantes na forma como atividades rurais e empreendimentos s\u00e3o licenciados. Especialistas alertam, por\u00e9m, para pontos do texto que podem gerar questionamentos jur\u00eddicos e at\u00e9 judicializa\u00e7\u00e3o.<\/p>\n<p>O advogado especialista em direito ambiental Leonardo Munh\u00f3z destacou, no quadro <em>Ser\u00e1 que \u00e9 legal?<\/em>, do Programa Planeta Campo, que dispositivos do projeto apresentam inconsist\u00eancias com legisla\u00e7\u00f5es anteriores e com decis\u00f5es j\u00e1 consolidadas pelo Supremo Tribunal Federal (STF). Uma delas envolve a aplica\u00e7\u00e3o do Licenciamento Ambiental por Compromisso (LAC) para atividades de m\u00e9dio impacto ambiental \u2013 pr\u00e1tica que, segundo ele, n\u00e3o encontra respaldo hist\u00f3rico nem em normas nacionais, como a Resolu\u00e7\u00e3o Conama 237, nem em legisla\u00e7\u00f5es internacionais.<\/p>\n<blockquote class=\"wp-block-quote is-layout-flow wp-block-quote-is-layout-flow\">\n<p>\u201cO LAC sempre foi previsto para empreendimentos de pequeno impacto. Ao ampliar para m\u00e9dio impacto, o PL pode abrir margem para questionamentos judiciais e trazer inseguran\u00e7a jur\u00eddica para produtores e \u00f3rg\u00e3os licenciadores\u201d, afirmou Munh\u00f3z.<\/p>\n<\/blockquote>\n<\/div>\n<div>\n<hr class=\"wp-block-separator has-alpha-channel-opacity\"\/>\n<p>Outro ponto sens\u00edvel do texto \u00e9 a revoga\u00e7\u00e3o de dispositivos da Lei da Mata Atl\u00e2ntica. O artigo 60 do PL retira trechos que atribuem ao Ibama a compet\u00eancia para autorizar a supress\u00e3o de vegeta\u00e7\u00e3o nativa no bioma. Para o especialista, essa altera\u00e7\u00e3o pode conflitar com a legisla\u00e7\u00e3o atual, j\u00e1 que o licenciamento de atividades e a autoriza\u00e7\u00e3o para supress\u00e3o de vegeta\u00e7\u00e3o s\u00e3o processos distintos e deveriam ser tratados de forma separada.<\/p>\n<p>Segundo Munhoz, o ideal seria alterar a Lei da Mata Atl\u00e2ntica por meio de um projeto espec\u00edfico, e n\u00e3o dentro de um PL voltado para o licenciamento ambiental. Essa sobreposi\u00e7\u00e3o de normas, avalia ele, pode aumentar o risco de judicializa\u00e7\u00e3o e gerar mais incerteza para empreendedores e \u00f3rg\u00e3os ambientais.<\/p>\n<p>O projeto de lei agora aguarda a decis\u00e3o do Presidente Lula, que pode sancionar integralmente o texto, vetar trechos pol\u00eamicos ou editar medida provis\u00f3ria para buscar um meio-termo. Enquanto isso, o setor produtivo e organiza\u00e7\u00f5es ambientais acompanham de perto a tramita\u00e7\u00e3o, preocupados com os impactos pr\u00e1ticos da nova legisla\u00e7\u00e3o na rotina do licenciamento e na preserva\u00e7\u00e3o dos biomas.<\/p>\n<p><em>Confira na \u00edntegra o coment\u00e1rio de Leonardo Munhoz: <\/em><\/p>\n<figure class=\"wp-block-embed is-type-video is-provider-youtube wp-block-embed-youtube wp-embed-aspect-16-9 wp-has-aspect-ratio\">\n<p>\n<iframe title=\"Licenciamento ambiental: riscos jur\u00eddicos no PL em an\u00e1lise | Ser\u00e1 que \u00e9 Legal?\" width=\"800\" height=\"450\" src=\"https:\/\/www.youtube.com\/embed\/Mr9bPrmacUg?feature=oembed\" frameborder=\"0\" allow=\"accelerometer; autoplay; clipboard-write; encrypted-media; gyroscope; picture-in-picture; web-share\" referrerpolicy=\"strict-origin-when-cross-origin\" allowfullscreen><\/iframe>\n<\/p>\n<\/figure><\/div>\n<p><br \/>\n<br \/><a href=\"https:\/\/www.canalrural.com.br\/sustentabilidade\/projeto-de-lei-de-licenciamento-ambiental-levanta-alerta-sobre-judicializacao\/\">Source link <\/a><\/p>\n","protected":false},"excerpt":{"rendered":"<p>O setor do agroneg\u00f3cio acompanha com aten\u00e7\u00e3o os pr\u00f3ximos passos do Projeto de Lei que trata do Licenciamento Ambiental no<\/p>\n","protected":false},"author":1,"featured_media":17584,"comment_status":"open","ping_status":"open","sticky":false,"template":"","format":"standard","meta":{"_monsterinsights_skip_tracking":false,"_monsterinsights_sitenote_active":false,"_monsterinsights_sitenote_note":"","_monsterinsights_sitenote_category":0,"_uf_show_specific_survey":0,"_uf_disable_surveys":false,"footnotes":""},"categories":[1],"tags":[],"class_list":["post-17583","post","type-post","status-publish","format-standard","has-post-thumbnail","hentry","category-news"],"_links":{"self":[{"href":"https:\/\/agromt.news\/index.php?rest_route=\/wp\/v2\/posts\/17583"}],"collection":[{"href":"https:\/\/agromt.news\/index.php?rest_route=\/wp\/v2\/posts"}],"about":[{"href":"https:\/\/agromt.news\/index.php?rest_route=\/wp\/v2\/types\/post"}],"author":[{"embeddable":true,"href":"https:\/\/agromt.news\/index.php?rest_route=\/wp\/v2\/users\/1"}],"replies":[{"embeddable":true,"href":"https:\/\/agromt.news\/index.php?rest_route=%2Fwp%2Fv2%2Fcomments&post=17583"}],"version-history":[{"count":0,"href":"https:\/\/agromt.news\/index.php?rest_route=\/wp\/v2\/posts\/17583\/revisions"}],"wp:featuredmedia":[{"embeddable":true,"href":"https:\/\/agromt.news\/index.php?rest_route=\/wp\/v2\/media\/17584"}],"wp:attachment":[{"href":"https:\/\/agromt.news\/index.php?rest_route=%2Fwp%2Fv2%2Fmedia&parent=17583"}],"wp:term":[{"taxonomy":"category","embeddable":true,"href":"https:\/\/agromt.news\/index.php?rest_route=%2Fwp%2Fv2%2Fcategories&post=17583"},{"taxonomy":"post_tag","embeddable":true,"href":"https:\/\/agromt.news\/index.php?rest_route=%2Fwp%2Fv2%2Ftags&post=17583"}],"curies":[{"name":"wp","href":"https:\/\/api.w.org\/{rel}","templated":true}]}}