{"id":17577,"date":"2025-07-28T17:26:52","date_gmt":"2025-07-28T21:26:52","guid":{"rendered":"https:\/\/agromt.news\/?p=17577"},"modified":"2025-07-28T17:26:52","modified_gmt":"2025-07-28T21:26:52","slug":"fim-da-frente-fria-tempo-seco-avanca-mas-pode-nevar-no-brasil","status":"publish","type":"post","link":"https:\/\/agromt.news\/?p=17577","title":{"rendered":"Fim da frente fria? Tempo seco avan\u00e7a, mas pode nevar no Brasil"},"content":{"rendered":"<p> <br \/>\n<br \/><img decoding=\"async\" src=\"https:\/\/agromt.news\/wp-content\/uploads\/2025\/07\/Fim-da-frente-fria-Tempo-seco-avanca-mas-pode-nevar.jpg\" \/><\/p>\n<div>\n<p>A \u00faltima semana de julho ser\u00e1 marcada pelo predom\u00ednio do tempo seco em grande parte do Brasil, especialmente nas \u00e1reas centrais. Segundo dados da meteorologia do <a href=\"https:\/\/www.canalrural.com.br\/\">Canal Rural<\/a>, a condi\u00e7\u00e3o favorece o avan\u00e7o da segunda safra, como o milho safrinha e o sorgo, mas tamb\u00e9m colabora para o aumento da <a href=\"https:\/\/www.canalrural.com.br\/?s=tempo+seco\">secura no solo<\/a>.<\/p>\n<figure class=\"wp-block-embed is-type-video is-provider-youtube wp-block-embed-youtube wp-embed-aspect-16-9 wp-has-aspect-ratio\">\n<p>\n<iframe title=\"Fim da frente fria? Tempo seco avan\u00e7a, mas pode nevar no Brasil\" width=\"800\" height=\"450\" src=\"https:\/\/www.youtube.com\/embed\/efo-Puh7NdQ?feature=oembed\" frameborder=\"0\" allow=\"accelerometer; autoplay; clipboard-write; encrypted-media; gyroscope; picture-in-picture; web-share\" referrerpolicy=\"strict-origin-when-cross-origin\" allowfullscreen><\/iframe><noscript><iframe title=\"Fim da frente fria? Tempo seco avan\u00e7a, mas pode nevar no Brasil\" width=\"800\" height=\"450\" src=\"https:\/\/www.youtube.com\/embed\/efo-Puh7NdQ?feature=oembed\" frameborder=\"0\" allow=\"accelerometer; autoplay; clipboard-write; encrypted-media; gyroscope; picture-in-picture; web-share\" referrerpolicy=\"strict-origin-when-cross-origin\" allowfullscreen><\/iframe><\/noscript>\n<\/p>\n<\/figure>\n<ul class=\"wp-block-list\">\n<li><strong><em>Fique por dentro das novidades e not\u00edcias recentes sobre a soja! Participe da nossa comunidade atrav\u00e9s do\u00a0<a href=\"https:\/\/chat.whatsapp.com\/BmMRwA0TZ2DHGyhzoaVEWu\">link<\/a>! \ud83c\udf31<\/em><\/strong><\/li>\n<\/ul>\n<h2 class=\"wp-block-heading\" id=\"h-chuvas-no-norte\">Chuvas no Norte <\/h2>\n<p>A regi\u00e3o Norte \u00e9 uma exce\u00e7\u00e3o e deve seguir com chuvas constantes. Em algumas \u00e1reas, os volumes podem ultrapassar 50 mil\u00edmetros. O litoral leste do Nordeste tamb\u00e9m mant\u00e9m acumulados positivos, favorecendo o abastecimento h\u00eddrico.<\/p>\n<h2 class=\"wp-block-heading\" id=\"h-umidade-do-solo\">Umidade do solo <\/h2>\n<p>No Sealba, \u00e1rea que compreende Sergipe, Alagoas e o nordeste da Bahia, a umidade do solo continua elevada, o que contribui para o bom desenvolvimento da terceira safra.<\/p>\n<\/div>\n<div>\n<h2 class=\"wp-block-heading\" id=\"h-como-fica-o-tempo-no-sul\">Como fica o tempo no Sul?<\/h2>\n<p>No Sul, ap\u00f3s as chuvas do fim de semana, o tempo seco volta a predominar nos pr\u00f3ximos dias. At\u00e9 o in\u00edcio de agosto, a previs\u00e3o do tempo indica baixos volumes de precipita\u00e7\u00e3o. Apesar da entrada de umidade em algumas \u00e1reas do Centro-Oeste e Sudeste, a chuva prevista \u00e9 fraca e n\u00e3o deve atrapalhar os trabalhos em campo.<\/p>\n<h2 class=\"wp-block-heading\" id=\"h-tempo-no-sul-e-sudeste\">Tempo no Sul e Sudeste <\/h2>\n<p>A passagem de uma frente fria seguida por uma massa de ar frio derruba as temperaturas no Sul e Sudeste. Em Ara\u00e7atuba, por exemplo, a quarta-feira deve come\u00e7ar com 9 graus e atingir m\u00e1xima de 25 graus.<\/p>\n<p>H\u00e1 ainda previs\u00e3o de geada em algumas \u00e1reas do Sul nesta ter\u00e7a-feira, dia 29, e at\u00e9 possibilidade de neve na serra catarinense e na serra ga\u00facha.<\/p>\n<\/p><\/div>\n<p><br \/>\n<br \/><a href=\"https:\/\/www.canalrural.com.br\/agricultura\/projeto-soja-brasil\/fim-da-frente-fria-tempo-seco-avanca-mas-pode-nevar-no-brasil\/\">Source link <\/a><\/p>\n","protected":false},"excerpt":{"rendered":"<p>A \u00faltima semana de julho ser\u00e1 marcada pelo predom\u00ednio do tempo seco em grande parte do Brasil, especialmente nas \u00e1reas<\/p>\n","protected":false},"author":1,"featured_media":17578,"comment_status":"open","ping_status":"open","sticky":false,"template":"","format":"standard","meta":{"_monsterinsights_skip_tracking":false,"_monsterinsights_sitenote_active":false,"_monsterinsights_sitenote_note":"","_monsterinsights_sitenote_category":0,"_uf_show_specific_survey":0,"_uf_disable_surveys":false,"footnotes":""},"categories":[1],"tags":[],"class_list":["post-17577","post","type-post","status-publish","format-standard","has-post-thumbnail","hentry","category-news"],"_links":{"self":[{"href":"https:\/\/agromt.news\/index.php?rest_route=\/wp\/v2\/posts\/17577"}],"collection":[{"href":"https:\/\/agromt.news\/index.php?rest_route=\/wp\/v2\/posts"}],"about":[{"href":"https:\/\/agromt.news\/index.php?rest_route=\/wp\/v2\/types\/post"}],"author":[{"embeddable":true,"href":"https:\/\/agromt.news\/index.php?rest_route=\/wp\/v2\/users\/1"}],"replies":[{"embeddable":true,"href":"https:\/\/agromt.news\/index.php?rest_route=%2Fwp%2Fv2%2Fcomments&post=17577"}],"version-history":[{"count":0,"href":"https:\/\/agromt.news\/index.php?rest_route=\/wp\/v2\/posts\/17577\/revisions"}],"wp:featuredmedia":[{"embeddable":true,"href":"https:\/\/agromt.news\/index.php?rest_route=\/wp\/v2\/media\/17578"}],"wp:attachment":[{"href":"https:\/\/agromt.news\/index.php?rest_route=%2Fwp%2Fv2%2Fmedia&parent=17577"}],"wp:term":[{"taxonomy":"category","embeddable":true,"href":"https:\/\/agromt.news\/index.php?rest_route=%2Fwp%2Fv2%2Fcategories&post=17577"},{"taxonomy":"post_tag","embeddable":true,"href":"https:\/\/agromt.news\/index.php?rest_route=%2Fwp%2Fv2%2Ftags&post=17577"}],"curies":[{"name":"wp","href":"https:\/\/api.w.org\/{rel}","templated":true}]}}