{"id":17573,"date":"2025-07-28T16:58:28","date_gmt":"2025-07-28T20:58:28","guid":{"rendered":"https:\/\/agromt.news\/?p=17573"},"modified":"2025-07-28T16:58:28","modified_gmt":"2025-07-28T20:58:28","slug":"agricultores-sustentam-familias-no-campo-e-alimentam-o-pais","status":"publish","type":"post","link":"https:\/\/agromt.news\/?p=17573","title":{"rendered":"Agricultores sustentam fam\u00edlias no campo e alimentam o pa\u00eds"},"content":{"rendered":"<p> <br \/>\n<br \/><img decoding=\"async\" src=\"https:\/\/agromt.news\/wp-content\/uploads\/2025\/07\/Agricultores-sustentam-familias-no-campo-e-alimentam-o-pais.png\" \/><\/p>\n<div>\n<p>Plantar, colher e viver do que a terra d\u00e1. Essa \u00e9 a rotina de muitos brasileiros que sustentam suas fam\u00edlias e abastecem mesas em todo o pa\u00eds. Nesta segunda-feira (28), \u00e9 celebrado o <strong>Dia do Agricultor<\/strong>, uma data que homenageia esses profissionais essenciais para a economia, alimenta\u00e7\u00e3o e o desenvolvimento do Brasil.<\/p>\n<p>Um desses exemplos \u00e9 Raimundo Ferreira. H\u00e1 tr\u00eas anos, ele deixou o Sul do Tocantins para viver no Oeste da Bahia exclusivamente da agricultura. <\/p>\n<p>Criado na ro\u00e7a, vivia da pecu\u00e1ria e agora dedica os dias \u00e0 lida com a terra, numa propriedade \u00e0s margens do Rio Branco, em Riach\u00e3o das Neves (BA).<\/p>\n<figure class=\"wp-block-embed is-type-video is-provider-youtube wp-block-embed-youtube wp-embed-aspect-16-9 wp-has-aspect-ratio\">\n<p>\n<iframe title=\"Dia do Agricultor: profiss\u00e3o que sustenta fam\u00edlias no campo e alimenta o pa\u00eds\" width=\"800\" height=\"450\" src=\"https:\/\/www.youtube.com\/embed\/YFedb-oG8go?feature=oembed\" frameborder=\"0\" allow=\"accelerometer; autoplay; clipboard-write; encrypted-media; gyroscope; picture-in-picture; web-share\" referrerpolicy=\"strict-origin-when-cross-origin\" allowfullscreen><\/iframe>\n<\/p>\n<\/figure>\n<blockquote class=\"wp-block-quote is-layout-flow wp-block-quote-is-layout-flow\">\n<p>\u201cEu trabalhava mais pros outros do que pra gente. A gente trabalhava como funcion\u00e1rio, era s\u00f3 pra ter o sustento\u201d, relembra Raimundo.<\/p>\n<\/blockquote>\n<p>Agora, vivendo de forma simples e pr\u00f3ximo \u00e0 natureza, Raimundo n\u00e3o apenas garante o sustento da pr\u00f3pria fam\u00edlia.<\/p>\n<p>O que ele produz \u00e9 direcionado \u00e0 alimenta\u00e7\u00e3o escolar da regi\u00e3o, atrav\u00e9s do <strong>Programa Nacional de Alimenta\u00e7\u00e3o Escolar (PNAE)<\/strong>. Somente na primeira quinzena de julho, ele e a Associa\u00e7\u00e3o de Pequenos Produtores Rurais do Assentamento Rio Branco entregaram mais de <strong>1.500 p\u00e9s de alface<\/strong> para escolas de munic\u00edpios vizinhos.<\/p>\n<p>A produ\u00e7\u00e3o na propriedade \u00e9 diversificada e inclui peixe, abelhas, hortali\u00e7as, feij\u00e3o, milho, mandioca e batata. <\/p>\n<blockquote class=\"wp-block-quote is-layout-flow wp-block-quote-is-layout-flow\">\n<p>\u201cO que der aqui, a gente est\u00e1 produzindo. A terra \u00e9 generosa, e a gente faz de tudo um pouco\u201d, conta o agricultor.<\/p>\n<\/blockquote>\n<h3 class=\"wp-block-heading\" id=\"h-bahia-e-destaque-no-numero-de-trabalhadores-rurais\">Bahia \u00e9 destaque no n\u00famero de trabalhadores rurais<\/h3>\n<p>De acordo com a Pesquisa Nacional por Amostra de Domic\u00edlios Cont\u00ednua (PNAD Cont\u00ednua), do Instituto Brasileiro de Geografia e Estat\u00edstica (IBGE), a Bahia \u00e9 o segundo estado do Brasil com maior n\u00famero de pessoas ocupadas na agricultura.<\/p>\n<p>S\u00e3o 910 mil trabalhadores acima de 14 anos atuando no setor. Minas Gerais lidera o ranking nacional, com mais de 1 milh\u00e3o de pessoas empregadas no campo.<\/p>\n<\/div>\n<div>\n<p>Os dados mais recentes do IBGE, de 2024, englobam tamb\u00e9m trabalhadores da pecu\u00e1ria, pesca, aquicultura e produ\u00e7\u00e3o florestal. <\/p>\n<p>Em todo o pa\u00eds,  <strong>7.888 milh\u00f5es<\/strong> de pessoas vivem da agricultura e atividades relacionadas.<\/p>\n<blockquote class=\"wp-block-quote is-layout-flow wp-block-quote-is-layout-flow\">\n<p>\u201cTrabalhar na ro\u00e7a, pra mim, \u00e9 uma grande satisfa\u00e7\u00e3o. \u00c9 um legado que nossos pais deixaram pra gente, e que a gente est\u00e1 dando continuidade. Aqui o servi\u00e7o nunca para\u201d, resume Raimundo<\/p>\n<\/blockquote>\n<h3 class=\"wp-block-heading\" id=\"h-amor-pela-agricultura\">Amor pela agricultura<\/h3>\n<p>De Gramado, no Rio Grande do Sul, a produtora rural, C\u00e1ssia Augsten, herdou a produ\u00e7\u00e3o de morangos dos pais que j\u00e1 dura 40 anos. <\/p>\n<p>A rep\u00f3rter, Eliza Maliszewski, conheceu planta\u00e7\u00e3o familiar que possui 12 estufas e 25 mil plantas. Augsten contou que faz o que ama e que a profiss\u00e3o que desempenha \u00e9 um desejo de inf\u00e2ncia que foi realizado.<\/p>\n<blockquote class=\"wp-block-quote is-layout-flow wp-block-quote-is-layout-flow\">\n<p>\u201cEu trabalho com que amo, sou apaixonada pela agricultura. Tem uma frase que utilizo muito \u00e9 que \u201ca vida \u00e9 boa\u201d. N\u00e3o tem um dia sequer em que eu n\u00e3o acorde e v\u00e1 feliz trabalhar, eu acho que isso \u00e9 a coisa principal na vida da gente, a gente fazer o que gosta, e \u00e9 isso, a vida \u00e9 boa!\u201d, finaliza C\u00e1ssia. <\/p>\n<\/blockquote>\n<p>Neste <a href=\"https:\/\/www.canalrural.com.br\/empreendedorismo\/dia-de-celebrar-quem-cultiva-o-campo-e-alimenta-o-brasil\/\">Dia do Agricultor<\/a>, hist\u00f3rias como a do Raimundo e C\u00e1ssia s\u00e3o s\u00edmbolos da for\u00e7a e da import\u00e2ncia de quem cultiva alimentos e promove crescimento econ\u00f4mico do pa\u00eds.<\/p>\n<hr class=\"wp-block-separator has-alpha-channel-opacity\"\/>\n<p><em>Voc\u00ea tamb\u00e9m pode participar deixando uma sugest\u00e3o de pauta. Siga o\u00a0<a href=\"https:\/\/www.instagram.com\/canalruralbahia\/\">Canal Rural Bahia no Instagram<\/a>\u00a0e nos envie uma mensagem<\/em>.<\/p>\n<\/p><\/div>\n<p><script async src=\"\/\/www.instagram.com\/embed.js\"><\/script><br \/>\n<br \/><br \/>\n<br \/><a href=\"https:\/\/www.canalrural.com.br\/nacional\/bahia\/agricultores-sustentam-familias-no-campo-e-alimentam-o-pais\/\">Source link <\/a><\/p>\n","protected":false},"excerpt":{"rendered":"<p>Plantar, colher e viver do que a terra d\u00e1. Essa \u00e9 a rotina de muitos brasileiros que sustentam suas fam\u00edlias<\/p>\n","protected":false},"author":1,"featured_media":17574,"comment_status":"open","ping_status":"open","sticky":false,"template":"","format":"standard","meta":{"_monsterinsights_skip_tracking":false,"_monsterinsights_sitenote_active":false,"_monsterinsights_sitenote_note":"","_monsterinsights_sitenote_category":0,"_uf_show_specific_survey":0,"_uf_disable_surveys":false,"footnotes":""},"categories":[1],"tags":[],"class_list":["post-17573","post","type-post","status-publish","format-standard","has-post-thumbnail","hentry","category-news"],"_links":{"self":[{"href":"https:\/\/agromt.news\/index.php?rest_route=\/wp\/v2\/posts\/17573"}],"collection":[{"href":"https:\/\/agromt.news\/index.php?rest_route=\/wp\/v2\/posts"}],"about":[{"href":"https:\/\/agromt.news\/index.php?rest_route=\/wp\/v2\/types\/post"}],"author":[{"embeddable":true,"href":"https:\/\/agromt.news\/index.php?rest_route=\/wp\/v2\/users\/1"}],"replies":[{"embeddable":true,"href":"https:\/\/agromt.news\/index.php?rest_route=%2Fwp%2Fv2%2Fcomments&post=17573"}],"version-history":[{"count":0,"href":"https:\/\/agromt.news\/index.php?rest_route=\/wp\/v2\/posts\/17573\/revisions"}],"wp:featuredmedia":[{"embeddable":true,"href":"https:\/\/agromt.news\/index.php?rest_route=\/wp\/v2\/media\/17574"}],"wp:attachment":[{"href":"https:\/\/agromt.news\/index.php?rest_route=%2Fwp%2Fv2%2Fmedia&parent=17573"}],"wp:term":[{"taxonomy":"category","embeddable":true,"href":"https:\/\/agromt.news\/index.php?rest_route=%2Fwp%2Fv2%2Fcategories&post=17573"},{"taxonomy":"post_tag","embeddable":true,"href":"https:\/\/agromt.news\/index.php?rest_route=%2Fwp%2Fv2%2Ftags&post=17573"}],"curies":[{"name":"wp","href":"https:\/\/api.w.org\/{rel}","templated":true}]}}