{"id":17571,"date":"2025-07-28T16:44:17","date_gmt":"2025-07-28T20:44:17","guid":{"rendered":"https:\/\/agromt.news\/?p=17571"},"modified":"2025-07-28T16:44:17","modified_gmt":"2025-07-28T20:44:17","slug":"exposicao-do-mangalarga-marchador-exalta-raca-que-movimenta-r-12-bilhoes-ao-ano","status":"publish","type":"post","link":"https:\/\/agromt.news\/?p=17571","title":{"rendered":"Exposi\u00e7\u00e3o do Mangalarga Marchador exalta ra\u00e7a que movimenta R$ 12 bilh\u00f5es ao ano"},"content":{"rendered":"<p> <br \/>\n<br \/><img decoding=\"async\" src=\"https:\/\/agromt.news\/wp-content\/uploads\/2025\/07\/Exposicao-do-Mangalarga-Marchador-exalta-raca-que-movimenta-R-12.jpg\" \/><\/p>\n<div>\n<p>At\u00e9 o dia 2 de agosto, a 42\u00aa Exposi\u00e7\u00e3o Nacional do Mangalarga Marchador re\u00fane animais de norte a sul do Brasil em um espet\u00e1culo de marcha e beleza no Parque da Gameleira, em Belo Horizonte, MInas Gerais.<\/p>\n<p>O tema desta edi\u00e7\u00e3o \u00e9 \u201cTradi\u00e7\u00e3o se honra, legado se constr\u00f3i\u201d e convida para revisitar o passado, celebrar o presente e planejar o futuro da ra\u00e7a que \u00e9 sin\u00f4nimo de paix\u00e3o, mas tamb\u00e9m de renda aos criadores do pa\u00eds.<\/p>\n<p><iframe title=\"Exposi\u00e7\u00e3o em MG refor\u00e7a valor cultural e econ\u00f4mico do mangalarga marchador\" width=\"800\" height=\"450\" src=\"https:\/\/www.youtube.com\/embed\/4eIPl8N_XFc?feature=oembed\" frameborder=\"0\" allow=\"accelerometer; autoplay; clipboard-write; encrypted-media; gyroscope; picture-in-picture; web-share\" referrerpolicy=\"strict-origin-when-cross-origin\" allowfullscreen><\/iframe><\/p>\n<p>De acordo com a Esalq\/USP, a cadeia do mangalarga marchador movimenta R$ 11,7 bilh\u00f5es ao ano, o que corresponde a 31% de toda a equideocultura nacional. <\/p>\n<p>Ao todo, s\u00e3o mais de 1600 cavalos que participam de diversas competi\u00e7\u00f5es, trazidos por 505 expositores de 18 estados diferentes.<\/p>\n<p>\u201cO cavalo mangalarga marchador tem uma caracter\u00edstica muito particular, muito especial, que \u00e9 a marcha, al\u00e9m da \u00edndole, da intelig\u00eancia, rusticidade. \u00c9 um cavalo que aprende muito f\u00e1cil, ele \u00e9 muito d\u00f3cil, al\u00e9m do conforto que ele traz para todos os usu\u00e1rios porque \u00e9 um cavalo muito macio, muito c\u00f4modo, ent\u00e3o \u00e9 um animal especialmente completo como cavalo de cela\u201d, diz o coordenador do col\u00e9gio de jurados da Associa\u00e7\u00e3o Brasileira dos Criadores do Cavalo Mangalarga Marchador (ABCCMM), Tiago de Resende Garcia.<\/p>\n<\/div>\n<div>\n<p>O diretor de Esportes e Provas da entidade, Maur\u00edcio Camera Pierrotti, acredita que \u00e9 poss\u00edvel levar todas essas caracter\u00edsticas da ra\u00e7a a outros pa\u00edses. \u201cA gente tem muito a crescer aqui no Brasil, mas n\u00e3o podemos deixar de pensar no mercado internacional. Temos a\u00e7\u00f5es nos Estados Unidos, com um n\u00facleo bastante ativo. \u00c9 um cavalo sem fronteiras. Ele nasceu em Minas Gerais, conquistou o Brasil e o sonho \u00e9 aumentar um pouco mais. O mundo \u00e9 grande demais\u201d, sintetiza.<\/p>\n<h2 class=\"wp-block-heading\" id=\"h-sanidade-do-mangalarga-marchador\">Sanidade do mangalarga marchador<\/h2>\n<p>Para manter a sanidade e o bem-estar dos animais, a 42\u00aa Exposi\u00e7\u00e3o Nacional do Mangalarga Marchador exalta, tamb\u00e9m, a import\u00e2ncia da sanidade animal, o que engloba desde os tratadores aos m\u00e9dicos veterin\u00e1rios.<\/p>\n<p>A chefe de fiscaliza\u00e7\u00e3o do Conselho Regional de Medicina Veterin\u00e1ria de Minas Gerais (CRMV-MG), Rafaela Lopes Assis Luns, conta que, na medicina veterin\u00e1ria, a fiscaliza\u00e7\u00e3o se inicia nas propriedades. \u201cNo caso de um evento desse tamanho, cada aras tem um m\u00e9dico veterin\u00e1rio que vai, inicialmente, emitir os exames que engloba desde o transporte at\u00e9 os exames sanit\u00e1rios. E essa parte da responsabilidade t\u00e9cnica \u00e9 o objetivo, \u00e9 um dos pontos da fiscaliza\u00e7\u00e3o do conselho. A gente pode dizer que essa parte inicial da fiscaliza\u00e7\u00e3o, que \u00e0s vezes n\u00e3o \u00e9 vista aqui no momento, ela \u00e9 um passo essencial do animal saud\u00e1vel.\u201d<\/p>\n<h2 class=\"wp-block-heading\" id=\"h-parceria-entre-canal-rural-e-crmv-mg\">Parceria entre Canal Rural e CRMV-MG<\/h2>\n<p>O CRMV-MG est\u00e1 presente na exposi\u00e7\u00e3o com uma unidade im\u00f3vel que oferece atendimento aos m\u00e9dicos veterin\u00e1rios e zoocnistas, mas a participa\u00e7\u00e3o ocorre tamb\u00e9m na fiscaliza\u00e7\u00e3o dos animais neste e em outros grandes eventos. Essa atua\u00e7\u00e3o fundamental ter\u00e1 cada vez mais destaque na tela do Canal Rural com uma parceria in\u00e9dita.<\/p>\n<p>\u201cSem o m\u00e9dico veterin\u00e1rio, n\u00e3o se come, n\u00e3o \u00e9 poss\u00edvel saborear alimentos saud\u00e1veis, consumir carne de primeira qualidade livre de doen\u00e7as. Ent\u00e3o o m\u00e9dico veterin\u00e1rio \u00e9 respons\u00e1vel n\u00e3o s\u00f3 pela qualidade dos animais, pela cl\u00ednica, pela cirurgia, principalmente nesse evento que se trata de equinos, mas tamb\u00e9m \u00e9 respons\u00e1vel pela sa\u00fade e bem-estar do ser humano\u201d, .<\/p>\n<\/p><\/div>\n<p><br \/>\n<br \/><a href=\"https:\/\/www.canalrural.com.br\/nacional\/exposicao-do-mangalarga-marchador-exalta-raca-que-movimenta-r-12-bilhoes-ao-ano\/\">Source link <\/a><\/p>\n","protected":false},"excerpt":{"rendered":"<p>At\u00e9 o dia 2 de agosto, a 42\u00aa Exposi\u00e7\u00e3o Nacional do Mangalarga Marchador re\u00fane animais de norte a sul do<\/p>\n","protected":false},"author":1,"featured_media":17572,"comment_status":"open","ping_status":"open","sticky":false,"template":"","format":"standard","meta":{"_monsterinsights_skip_tracking":false,"_monsterinsights_sitenote_active":false,"_monsterinsights_sitenote_note":"","_monsterinsights_sitenote_category":0,"_uf_show_specific_survey":0,"_uf_disable_surveys":false,"footnotes":""},"categories":[1],"tags":[],"class_list":["post-17571","post","type-post","status-publish","format-standard","has-post-thumbnail","hentry","category-news"],"_links":{"self":[{"href":"https:\/\/agromt.news\/index.php?rest_route=\/wp\/v2\/posts\/17571"}],"collection":[{"href":"https:\/\/agromt.news\/index.php?rest_route=\/wp\/v2\/posts"}],"about":[{"href":"https:\/\/agromt.news\/index.php?rest_route=\/wp\/v2\/types\/post"}],"author":[{"embeddable":true,"href":"https:\/\/agromt.news\/index.php?rest_route=\/wp\/v2\/users\/1"}],"replies":[{"embeddable":true,"href":"https:\/\/agromt.news\/index.php?rest_route=%2Fwp%2Fv2%2Fcomments&post=17571"}],"version-history":[{"count":0,"href":"https:\/\/agromt.news\/index.php?rest_route=\/wp\/v2\/posts\/17571\/revisions"}],"wp:featuredmedia":[{"embeddable":true,"href":"https:\/\/agromt.news\/index.php?rest_route=\/wp\/v2\/media\/17572"}],"wp:attachment":[{"href":"https:\/\/agromt.news\/index.php?rest_route=%2Fwp%2Fv2%2Fmedia&parent=17571"}],"wp:term":[{"taxonomy":"category","embeddable":true,"href":"https:\/\/agromt.news\/index.php?rest_route=%2Fwp%2Fv2%2Fcategories&post=17571"},{"taxonomy":"post_tag","embeddable":true,"href":"https:\/\/agromt.news\/index.php?rest_route=%2Fwp%2Fv2%2Ftags&post=17571"}],"curies":[{"name":"wp","href":"https:\/\/api.w.org\/{rel}","templated":true}]}}