{"id":17569,"date":"2025-07-28T16:30:09","date_gmt":"2025-07-28T20:30:09","guid":{"rendered":"https:\/\/agromt.news\/?p=17569"},"modified":"2025-07-28T16:30:09","modified_gmt":"2025-07-28T20:30:09","slug":"plano-safra-deve-impulsionar-crescimento-do-setor-de-maquinas-e-implementos-agricolas","status":"publish","type":"post","link":"https:\/\/agromt.news\/?p=17569","title":{"rendered":"Plano safra deve impulsionar crescimento do setor de m\u00e1quinas e implementos agr\u00edcolas"},"content":{"rendered":"<p> <br \/>\n<br \/><img decoding=\"async\" src=\"https:\/\/agromt.news\/wp-content\/uploads\/2025\/07\/Plano-safra-deve-impulsionar-crescimento-do-setor-de-maquinas-e.jpeg\" \/><\/p>\n<div>\n<figure class=\"wp-block-embed is-type-video is-provider-youtube wp-block-embed-youtube wp-embed-aspect-16-9 wp-has-aspect-ratio\">\n<p>\n<iframe title=\"Ap\u00f3s queda em 2024, setor de m\u00e1quinas agr\u00edcolas mostra sinais de recupera\u00e7\u00e3o\" width=\"800\" height=\"450\" src=\"https:\/\/www.youtube.com\/embed\/_OThG4RLobo?feature=oembed\" frameborder=\"0\" allow=\"accelerometer; autoplay; clipboard-write; encrypted-media; gyroscope; picture-in-picture; web-share\" referrerpolicy=\"strict-origin-when-cross-origin\" allowfullscreen><\/iframe>\n<\/p>\n<\/figure>\n<p>Ap\u00f3s um ano de retra\u00e7\u00e3o, o setor de m\u00e1quinas e implementos agr\u00edcolas come\u00e7a a mostrar sinais de recupera\u00e7\u00e3o. Em maio, as vendas somaram R$ 6,5 bilh\u00f5es, um crescimento de 30% em rela\u00e7\u00e3o ao mesmo per\u00edodo do ano passado. Com o novo <a href=\"https:\/\/www.canalrural.com.br\/agricultura\/plano-safra-empresarial-2025-26-tera-r-5162-bilhoes-e-reforco-no-custeio\/\">Plano Safra<\/a> j\u00e1 em vigor, a expectativa \u00e9 que os financiamentos ajudem a impulsionar ainda mais o setor.<\/p>\n<p>Para Pedro Estev\u00e3o, presidente da C\u00e2mara Setorial de M\u00e1quinas Agr\u00edcolas da Abimaq, o bom desempenho \u00e9 reflexo direto da safra mais favor\u00e1vel em 2024.<\/p>\n<p>\u201cNo ano passado, tivemos uma seca muito severa, que comprometeu a safra em praticamente todo o pa\u00eds. A produtividade caiu e, com isso, a rentabilidade dos agricultores tamb\u00e9m. Este ano, o cen\u00e1rio \u00e9 o oposto: a safra est\u00e1 indo muito bem, a produtividade aumentou e estamos conseguindo recuperar mercado\u201d, afirma.<\/p>\n<p><em>Veja em primeira m\u00e3o tudo sobre agricultura, pecu\u00e1ria, economia e previs\u00e3o do tempo:<\/em><a href=\"https:\/\/news.google.com\/publications\/CAAqBwgKMPKZlQswq_mqAw?hl=pt-BR&amp;gl=BR&amp;ceid=BR%3Apt-419\" target=\"_blank\" rel=\"noreferrer noopener\"><em>\u00a0siga o Canal Rural no Google News!<\/em><\/a><\/p>\n<\/div>\n<div>\n<p>Outro fator que deve contribuir para o crescimento do setor \u00e9 o avan\u00e7o da mecaniza\u00e7\u00e3o da agricultura brasileira, especialmente na agricultura familiar.<\/p>\n<p>\u201cFirmamos uma parceria com o Minist\u00e9rio do Desenvolvimento Agr\u00e1rio para incentivar a mecaniza\u00e7\u00e3o entre os pequenos produtores. Propusemos a cria\u00e7\u00e3o de um cat\u00e1logo com as m\u00e1quinas dispon\u00edveis no mercado, facilitando o acesso \u00e0 informa\u00e7\u00e3o. Sabemos que o agricultor familiar ainda enfrenta dificuldades nesse sentido\u201d, explica Estev\u00e3o.<\/p>\n<p>Quanto ao impacto do tarifa\u00e7o anunciado pelos Estados Unidos, o presidente da c\u00e2mara setorial minimiza os efeitos diretos sobre as exporta\u00e7\u00f5es brasileiras de m\u00e1quinas agr\u00edcolas, mas alerta para impactos indiretos no setor.<\/p>\n<p>\u201cApenas 10% das exporta\u00e7\u00f5es brasileiras de m\u00e1quinas agr\u00edcolas t\u00eam como destino os EUA, o que representa cerca de 1,3% do nosso volume total de vendas. O maior impacto ser\u00e1 sobre o agricultor brasileiro, caso a medida se prolongue. Com uma oferta maior de produtos como caf\u00e9, laranja e carne bovina no mercado interno, pode haver queda nos pre\u00e7os. Isso reduz a rentabilidade do produtor e, consequentemente, sua capacidade de investir em m\u00e1quinas\u201d, conclui.<\/p>\n<\/p><\/div>\n<p><br \/>\n<br \/><a href=\"https:\/\/www.canalrural.com.br\/agricultura\/plano-safra-deve-impulsionar-crescimento-do-setor-de-maquinas-e-implementos-agricolas\/\">Source link <\/a><\/p>\n","protected":false},"excerpt":{"rendered":"<p>Ap\u00f3s um ano de retra\u00e7\u00e3o, o setor de m\u00e1quinas e implementos agr\u00edcolas come\u00e7a a mostrar sinais de recupera\u00e7\u00e3o. Em maio,<\/p>\n","protected":false},"author":1,"featured_media":17570,"comment_status":"open","ping_status":"open","sticky":false,"template":"","format":"standard","meta":{"_monsterinsights_skip_tracking":false,"_monsterinsights_sitenote_active":false,"_monsterinsights_sitenote_note":"","_monsterinsights_sitenote_category":0,"_uf_show_specific_survey":0,"_uf_disable_surveys":false,"footnotes":""},"categories":[1],"tags":[],"class_list":["post-17569","post","type-post","status-publish","format-standard","has-post-thumbnail","hentry","category-news"],"_links":{"self":[{"href":"https:\/\/agromt.news\/index.php?rest_route=\/wp\/v2\/posts\/17569"}],"collection":[{"href":"https:\/\/agromt.news\/index.php?rest_route=\/wp\/v2\/posts"}],"about":[{"href":"https:\/\/agromt.news\/index.php?rest_route=\/wp\/v2\/types\/post"}],"author":[{"embeddable":true,"href":"https:\/\/agromt.news\/index.php?rest_route=\/wp\/v2\/users\/1"}],"replies":[{"embeddable":true,"href":"https:\/\/agromt.news\/index.php?rest_route=%2Fwp%2Fv2%2Fcomments&post=17569"}],"version-history":[{"count":0,"href":"https:\/\/agromt.news\/index.php?rest_route=\/wp\/v2\/posts\/17569\/revisions"}],"wp:featuredmedia":[{"embeddable":true,"href":"https:\/\/agromt.news\/index.php?rest_route=\/wp\/v2\/media\/17570"}],"wp:attachment":[{"href":"https:\/\/agromt.news\/index.php?rest_route=%2Fwp%2Fv2%2Fmedia&parent=17569"}],"wp:term":[{"taxonomy":"category","embeddable":true,"href":"https:\/\/agromt.news\/index.php?rest_route=%2Fwp%2Fv2%2Fcategories&post=17569"},{"taxonomy":"post_tag","embeddable":true,"href":"https:\/\/agromt.news\/index.php?rest_route=%2Fwp%2Fv2%2Ftags&post=17569"}],"curies":[{"name":"wp","href":"https:\/\/api.w.org\/{rel}","templated":true}]}}