{"id":17568,"date":"2025-07-28T16:16:34","date_gmt":"2025-07-28T20:16:34","guid":{"rendered":"https:\/\/agromt.news\/?p=17568"},"modified":"2025-07-28T16:16:34","modified_gmt":"2025-07-28T20:16:34","slug":"no-dia-do-agricultor-produtores-rurais-mostram-que-o-campo-e-feito-de-trabalho-paixao-e-inovacao","status":"publish","type":"post","link":"https:\/\/agromt.news\/?p=17568","title":{"rendered":"No Dia do Agricultor, produtores rurais mostram que o campo \u00e9 feito de trabalho, paix\u00e3o e inova\u00e7\u00e3o"},"content":{"rendered":"<p> <br \/>\n<br \/><img decoding=\"async\" src=\"https:\/\/agromt.news\/wp-content\/uploads\/2025\/03\/sustentabilidade-agricola-Brasil-Brics.jpg\" \/><\/p>\n<div>\n<figure class=\"wp-block-embed is-type-video is-provider-youtube wp-block-embed-youtube wp-embed-aspect-16-9 wp-has-aspect-ratio\">\n<p>\n<iframe title=\"Dia do Agricultor: profiss\u00e3o que sustenta fam\u00edlias no campo e alimenta o pa\u00eds\" width=\"800\" height=\"450\" src=\"https:\/\/www.youtube.com\/embed\/YFedb-oG8go?feature=oembed\" frameborder=\"0\" allow=\"accelerometer; autoplay; clipboard-write; encrypted-media; gyroscope; picture-in-picture; web-share\" referrerpolicy=\"strict-origin-when-cross-origin\" allowfullscreen><\/iframe><noscript><iframe title=\"Dia do Agricultor: profiss\u00e3o que sustenta fam\u00edlias no campo e alimenta o pa\u00eds\" width=\"800\" height=\"450\" src=\"https:\/\/www.youtube.com\/embed\/YFedb-oG8go?feature=oembed\" frameborder=\"0\" allow=\"accelerometer; autoplay; clipboard-write; encrypted-media; gyroscope; picture-in-picture; web-share\" referrerpolicy=\"strict-origin-when-cross-origin\" allowfullscreen><\/iframe><\/noscript>\n<\/p>\n<\/figure>\n<p>H\u00e1 tr\u00eas anos, Raimundo Ferreira deixou o sul do Tocantins rumo ao oeste da Bahia em busca de uma vida melhor no campo. Criado em meio \u00e0 pecu\u00e1ria, ele agora se dedica integralmente \u00e0 agricultura. \u201cEu trabalhava mais pros outros do que pra gente. A gente trabalhava como funcion\u00e1rio. Ent\u00e3o, \u00e9 pra ter o sustento\u201d, conta Raimundo.<\/p>\n<p>Hoje, pr\u00f3ximo \u00e0s \u00e1guas calmas do Rio Branco, Raimundo sustenta a fam\u00edlia com uma produ\u00e7\u00e3o diversificada, que tamb\u00e9m ajuda a alimentar a sociedade. Grande parte do que colhe abastece o Programa Nacional de Alimenta\u00e7\u00e3o Escolar (PNAE), que atende munic\u00edpios da regi\u00e3o. S\u00f3 na primeira quinzena de julho, ele e a Associa\u00e7\u00e3o dos Pequenos Produtores Rurais do Assentamento Rio Branco entregaram mais de 1.500 p\u00e9s de alface.<\/p>\n<p>\u201cProduzimos peixe, temos cria\u00e7\u00e3o de abelhas, hortali\u00e7as, alface, cheiro verde, feij\u00e3o, milho, mandioca, batata\u2026 O que der, a gente planta\u201d, resume o agricultor com orgulho.<\/p>\n<p>Segundo dados da Pesquisa Nacional por Amostra de Domic\u00edlios Cont\u00ednua (Pnad Cont\u00ednua) do IBGE, a Bahia \u00e9 o segundo estado brasileiro com maior n\u00famero de pessoas acima de 14 anos ocupadas na agricultura, s\u00e3o 910 mil trabalhadores. O estado fica atr\u00e1s apenas de Minas Gerais, que lidera o ranking com mais de 1 milh\u00e3o de pessoas no setor.<\/p>\n<p><em>Veja em primeira m\u00e3o tudo sobre agricultura, pecu\u00e1ria, economia e previs\u00e3o do tempo:<\/em><a href=\"https:\/\/news.google.com\/publications\/CAAqBwgKMPKZlQswq_mqAw?hl=pt-BR&amp;gl=BR&amp;ceid=BR%3Apt-419\" target=\"_blank\" rel=\"noreferrer noopener\"><em>\u00a0siga o Canal Rural no Google News!<\/em><\/a><\/p>\n<p>Para Raimundo, trabalhar na ro\u00e7a \u00e9 mais do que sustento: \u201c\u00c9 uma grande satisfa\u00e7\u00e3o. Um legado deixado pelos nossos pais, e que a gente est\u00e1 dando continuidade. Trabalho n\u00e3o falta. Fazenda \u00e9 fazenda, n\u00e9? Mesmo que seja s\u00f3 um s\u00edtio, o servi\u00e7o n\u00e3o para\u201d.<\/p>\n<p>Ao todo, considerando tamb\u00e9m a pecu\u00e1ria, a produ\u00e7\u00e3o florestal, a pesca e a aquicultura, o Brasil soma cerca de 7,9 milh\u00f5es de trabalhadores rurais, segundo os dados de 2024.<\/p>\n<\/div>\n<div>\n<h2 class=\"wp-block-heading\" id=\"h-nova-geracao\">Nova gera\u00e7\u00e3o<\/h2>\n<p>Do outro lado do pa\u00eds, no Rio Grande do Sul, a produtora C\u00e1ssia Augsten, de Gramado, representa uma nova gera\u00e7\u00e3o que tem assumido os neg\u00f3cios no campo com inova\u00e7\u00e3o e dedica\u00e7\u00e3o. Filha de agricultores, ela decidiu permanecer na propriedade da fam\u00edlia e seguir cultivando morangos, mantendo viva uma tradi\u00e7\u00e3o de quatro d\u00e9cadas.<\/p>\n<p>\u201cNos morangos, fa\u00e7o de tudo um pouco: plantar, colher, entregar, comercializar e cuidar da p\u00f3s-venda, que hoje \u00e9 muito importante na propriedade\u201d, explica C\u00e1ssia. Ao todo, s\u00e3o 12 estufas e 25 mil plantas cultivadas com aten\u00e7\u00e3o aos detalhes e ao sabor.<\/p>\n<p>C\u00e1ssia transformou a produ\u00e7\u00e3o em uma agroind\u00fastria familiar e encontrou uma solu\u00e7\u00e3o sustent\u00e1vel para frutas fora do padr\u00e3o de venda in natura: passou a produzir geleias artesanais com sabor de inf\u00e2ncia. \u201cQueremos que o cliente tenha aquela lembran\u00e7a da geleia que a nona ou a v\u00f3 produziam. N\u00e3o usamos conservantes, qu\u00edmica ou espessantes. Tudo \u00e9 natural.\u201d<\/p>\n<p>Al\u00e9m da comercializa\u00e7\u00e3o em Gramado, os produtos seguem para o varejo em outros estados. Parte do sucesso tamb\u00e9m se deve \u00e0 experi\u00eancia rural que a fam\u00edlia oferece na propriedade: uma casa de 60 anos recebe turistas para conhecer a produ\u00e7\u00e3o e provar as del\u00edcias locais.<\/p>\n<p>No Rio Grande do Sul, cerca de 90% das propriedades s\u00e3o classificadas como de<a href=\"https:\/\/www.canalrural.com.br\/empreendedorismo\/forca-da-agricultura-familiar-no-desenvolvimento-do-pais\/#:~:text=A%20agricultura%20familiar%20%C3%A9%20uma,comunidades%2C%20especialmente%20nos%20pequenos%20munic%C3%ADpios.\"> agricultura familiar<\/a>, segundo dados oficiais. O perfil das lideran\u00e7as est\u00e1 mudando: cada vez mais jovens e mulheres assumem o protagonismo no campo, levando gest\u00e3o moderna, novas ideias e paix\u00e3o pela terra.<\/p>\n<p>\u201cEu trabalho com o que amo. Sou apaixonada pela agricultura. Sempre digo que a vida \u00e9 boa. N\u00e3o tem um dia que eu n\u00e3o acorde feliz para trabalhar. Isso \u00e9 o principal na vida da gente: fazer o que gosta\u201d, afirma C\u00e1ssia.<\/p>\n<\/p><\/div>\n<p><br \/>\n<br \/><a href=\"https:\/\/www.canalrural.com.br\/agricultura\/no-dia-do-agricultor-produtores-rurais-mostram-que-o-campo-e-feito-de-trabalho-paixao-e-inovacao\/\">Source link <\/a><\/p>\n","protected":false},"excerpt":{"rendered":"<p>H\u00e1 tr\u00eas anos, Raimundo Ferreira deixou o sul do Tocantins rumo ao oeste da Bahia em busca de uma vida<\/p>\n","protected":false},"author":1,"featured_media":10864,"comment_status":"open","ping_status":"open","sticky":false,"template":"","format":"standard","meta":{"_monsterinsights_skip_tracking":false,"_monsterinsights_sitenote_active":false,"_monsterinsights_sitenote_note":"","_monsterinsights_sitenote_category":0,"_uf_show_specific_survey":0,"_uf_disable_surveys":false,"footnotes":""},"categories":[1],"tags":[],"class_list":["post-17568","post","type-post","status-publish","format-standard","has-post-thumbnail","hentry","category-news"],"_links":{"self":[{"href":"https:\/\/agromt.news\/index.php?rest_route=\/wp\/v2\/posts\/17568"}],"collection":[{"href":"https:\/\/agromt.news\/index.php?rest_route=\/wp\/v2\/posts"}],"about":[{"href":"https:\/\/agromt.news\/index.php?rest_route=\/wp\/v2\/types\/post"}],"author":[{"embeddable":true,"href":"https:\/\/agromt.news\/index.php?rest_route=\/wp\/v2\/users\/1"}],"replies":[{"embeddable":true,"href":"https:\/\/agromt.news\/index.php?rest_route=%2Fwp%2Fv2%2Fcomments&post=17568"}],"version-history":[{"count":0,"href":"https:\/\/agromt.news\/index.php?rest_route=\/wp\/v2\/posts\/17568\/revisions"}],"wp:featuredmedia":[{"embeddable":true,"href":"https:\/\/agromt.news\/index.php?rest_route=\/wp\/v2\/media\/10864"}],"wp:attachment":[{"href":"https:\/\/agromt.news\/index.php?rest_route=%2Fwp%2Fv2%2Fmedia&parent=17568"}],"wp:term":[{"taxonomy":"category","embeddable":true,"href":"https:\/\/agromt.news\/index.php?rest_route=%2Fwp%2Fv2%2Fcategories&post=17568"},{"taxonomy":"post_tag","embeddable":true,"href":"https:\/\/agromt.news\/index.php?rest_route=%2Fwp%2Fv2%2Ftags&post=17568"}],"curies":[{"name":"wp","href":"https:\/\/api.w.org\/{rel}","templated":true}]}}