{"id":17566,"date":"2025-07-28T16:02:54","date_gmt":"2025-07-28T20:02:54","guid":{"rendered":"https:\/\/agromt.news\/?p=17566"},"modified":"2025-07-28T16:02:54","modified_gmt":"2025-07-28T20:02:54","slug":"ar-polar-deve-trazer-neve-e-geada-para-estados-brasileiros","status":"publish","type":"post","link":"https:\/\/agromt.news\/?p=17566","title":{"rendered":"Ar polar deve trazer neve e geada para estados brasileiros"},"content":{"rendered":"<p> <br \/>\n<\/p>\n<div>\n<p>Um ar polar deve derrubar as temperaturas na Regi\u00e3o Sul do pa\u00eds, levando neve para a Serra Catarinense entre a madrugada e a manh\u00e3 desta ter\u00e7a-feira (29). <\/p>\n<div data-icp-cta=\"1\" id=\"icp-cta-unique\">Voc\u00ea quer entender como usar o clima a seu favor?<b> <\/b><a href=\"https:\/\/climacampo.canalrural.com.br\/climacampo_-01\">Preparamos um e-book exclusivo<\/a> para ajudar produtores rurais a se antecipar \u00e0s mudan\u00e7as do tempo e planejar melhor suas a\u00e7\u00f5es. Com base em previs\u00f5es meteorol\u00f3gicas confi\u00e1veis, ele oferece orienta\u00e7\u00f5es pr\u00e1ticas para proteger sua lavoura e otimizar seus resultados.<\/div>\n<p>O fen\u00f4meno acontece, tamb\u00e9m, por conta da presen\u00e7a de ciclone extratropical em alto mar e resqu\u00edcio de umidade, o que traz queda brusca dos term\u00f4metros. <\/p>\n<figure class=\"wp-block-image size-large\"><img fetchpriority=\"high\" fetchpriority=\"high\" decoding=\"async\" width=\"1024\" height=\"1024\" src=\"https:\/\/agromt.news\/wp-content\/uploads\/2025\/07\/Ar-polar-deve-trazer-neve-e-geada-para-estados-brasileiros.jpeg\" alt=\"previs\u00e3o de neve no Sul\" class=\"wp-image-4113665\"  \/><figcaption class=\"wp-element-caption\">Foto: Climatempo<\/figcaption><\/figure>\n<p>Assim, as m\u00ednimas ficam baixas, tamb\u00e9m, no centro-sul e leste do <strong><a href=\"https:\/\/www.canalrural.com.br\/nacional\/parana\/\">Paran\u00e1<\/a><\/strong> e entre o centro-norte e oeste do <strong><a href=\"https:\/\/www.canalrural.com.br\/nacional\/rio-grande-do-sul\/\">Rio Grande do Sul<\/a><\/strong>, \u00e1reas que mant\u00e9m alta possibilidade para geada. De acordo com a Climatempo, entre as capitais, a que deve registrar a menor temperatura \u00e9 Curitiba, com apenas 4\u00b0C no amanhecer.<\/p>\n<h2 class=\"wp-block-heading\" id=\"h-ventania-no-centro-sul\">Ventania no Centro-Sul<\/h2>\n<p>Al\u00e9m da neve em Santa Catarina, a Climatempo tamb\u00e9m chama aten\u00e7\u00e3o para a frente fria e o ciclone extratropical que se organizaram nas \u00faltimas 24 horas no centro-sul do Brasil.<\/p>\n<p>Assim, ao longo desta segunda-feira, s\u00e3o esperadas fortes rajadas de vento nos estados do Rio Grande do Sul, Santa Catarina, Paran\u00e1, S\u00e3o Paulo, Rio de Janeiro e Minas Gerais.<\/p>\n<p>Rajadas de vento em torno dos 100 km\/h j\u00e1 foram observadas na manh\u00e3 de hoje na regi\u00e3o de Cangu\u00e7u, sul ga\u00facho.<\/p>\n<\/div>\n<div>\n<p>J\u00e1 no decorrer desta ter\u00e7a-feira, o ciclone extratropical vai se afastando em alto mar, mas se mant\u00e9m na costa do Sul do Brasil. Com isso, provoca rajadas de vento entre moderadas e fortes no litoral das regi\u00f5es Sul e Sudeste.<\/p>\n<p>De acordo com a Climatempo, ainda h\u00e1 risco de rajadas de vento entre 51 km\/h e 70 km\/h nas \u00e1reas serranas do Rio Grande do Sul e de Santa Catarina, no litoral norte ga\u00facho e sul catarinense, bem como no litoral norte de S\u00e3o Paulo e em todo o litoral do estado do Rio de Janeiro.<\/p>\n<p>Por conta dos fortes ventos, a Marinha do Brasil j\u00e1 emitiu alertas de ressaca para \u00e1reas do litoral do Sul e do Sudeste para os pr\u00f3ximos dias. Desde \u00e0s 15 horas do domingo (27) at\u00e9 \u00e0s 9h da manh\u00e3 do dia 31 de julho, h\u00e1 risco de ondas entre 2,5 e 3,5 metros entre a regi\u00e3o de Mostardas (RS) e Florian\u00f3polis (SC).<\/p>\n<p>J\u00e1 entre \u00e0s 9h desta ter\u00e7a (29) at\u00e9 \u00e0s 21h do dia 31, o alerta de ondas de mesma altura vai para \u00e1reas litor\u00e2neas entre Iguape (SP) e Maca\u00e9 (RJ).<\/p>\n<\/p><\/div>\n<p><br \/>\n<br \/><a href=\"https:\/\/www.canalrural.com.br\/tempo\/ar-polar-deve-trazer-neve-e-geada-para-estados-brasileiros\/\">Source link <\/a><\/p>\n","protected":false},"excerpt":{"rendered":"<p>Um ar polar deve derrubar as temperaturas na Regi\u00e3o Sul do pa\u00eds, levando neve para a Serra Catarinense entre a<\/p>\n","protected":false},"author":1,"featured_media":17567,"comment_status":"open","ping_status":"open","sticky":false,"template":"","format":"standard","meta":{"_monsterinsights_skip_tracking":false,"_monsterinsights_sitenote_active":false,"_monsterinsights_sitenote_note":"","_monsterinsights_sitenote_category":0,"_uf_show_specific_survey":0,"_uf_disable_surveys":false,"footnotes":""},"categories":[1],"tags":[],"class_list":["post-17566","post","type-post","status-publish","format-standard","has-post-thumbnail","hentry","category-news"],"_links":{"self":[{"href":"https:\/\/agromt.news\/index.php?rest_route=\/wp\/v2\/posts\/17566"}],"collection":[{"href":"https:\/\/agromt.news\/index.php?rest_route=\/wp\/v2\/posts"}],"about":[{"href":"https:\/\/agromt.news\/index.php?rest_route=\/wp\/v2\/types\/post"}],"author":[{"embeddable":true,"href":"https:\/\/agromt.news\/index.php?rest_route=\/wp\/v2\/users\/1"}],"replies":[{"embeddable":true,"href":"https:\/\/agromt.news\/index.php?rest_route=%2Fwp%2Fv2%2Fcomments&post=17566"}],"version-history":[{"count":0,"href":"https:\/\/agromt.news\/index.php?rest_route=\/wp\/v2\/posts\/17566\/revisions"}],"wp:featuredmedia":[{"embeddable":true,"href":"https:\/\/agromt.news\/index.php?rest_route=\/wp\/v2\/media\/17567"}],"wp:attachment":[{"href":"https:\/\/agromt.news\/index.php?rest_route=%2Fwp%2Fv2%2Fmedia&parent=17566"}],"wp:term":[{"taxonomy":"category","embeddable":true,"href":"https:\/\/agromt.news\/index.php?rest_route=%2Fwp%2Fv2%2Fcategories&post=17566"},{"taxonomy":"post_tag","embeddable":true,"href":"https:\/\/agromt.news\/index.php?rest_route=%2Fwp%2Fv2%2Ftags&post=17566"}],"curies":[{"name":"wp","href":"https:\/\/api.w.org\/{rel}","templated":true}]}}