{"id":17563,"date":"2025-07-28T15:38:11","date_gmt":"2025-07-28T19:38:11","guid":{"rendered":"https:\/\/agromt.news\/?p=17563"},"modified":"2025-07-28T15:38:11","modified_gmt":"2025-07-28T19:38:11","slug":"milho-oscila-pouco-na-b3-e-recua-em-chicago","status":"publish","type":"post","link":"https:\/\/agromt.news\/?p=17563","title":{"rendered":"Milho oscila pouco na B3 e recua em Chicago"},"content":{"rendered":"<p> <br \/>\n<\/p>\n<div>\n<p>O mercado futuro de <a href=\"https:\/\/www.agrolink.com.br\/culturas\/milho?utm_source=agrolink-detalhe-noticia&amp;utm_medium=detalhe-noticia&amp;utm_campaign=links-internos&#9;\" target=\"_blank\" rel=\"noopener\">milho<\/a> na B3 encerrou a sexta-feira (25\/07) em baixa, mantendo-se dentro de uma faixa estreita de oscila\u00e7\u00e3o ao longo da semana. Segundo a TF Agroecon\u00f4mica, apesar das perdas pontuais no dia, os contratos de curto prazo ainda sustentaram ganhos semanais modestos, enquanto os contratos de longo prazo, como os da safra 2026\/27, fecharam em queda. A estabilidade observada nos pre\u00e7os da bolsa e do mercado f\u00edsico tem como suporte o atraso na colheita no Brasil, mesmo com a desvaloriza\u00e7\u00e3o semanal do d\u00f3lar (-0,47%) e a queda em Chicago (-2,20%).&#13;\n<\/p>\n<p>O indicador Cepea recuou 0,58% no dia, mas registrou uma leve alta de 0,55% na semana. Na B3, os contratos futuros fecharam assim: setembro\/25 terminou cotado a R\\$ 65,64 (queda de R$ 0,14 no dia, mas alta de R$ 0,16 na semana); novembro\/25 encerrou a R$ 68,58 (queda de R$ 0,20 no dia e alta de R$ 0,33 na semana); e janeiro\/26 ficou em R$ 72,12 (queda de R$ 0,23 no dia e alta de R$ 0,15 na semana).<\/p>\n<p>J\u00e1 na Bolsa de Chicago (CBOT), o milho fechou o dia com leve alta, setembro subiu 0,82% e dezembro 0,84%, mas acumulou perda de 2,20% na semana. O mercado foi pressionado por fatores como clima favor\u00e1vel ao desenvolvimento da safra americana, expectativas frustradas com acordos comerciais, especialmente com o Jap\u00e3o, e tens\u00f5es externas. Declara\u00e7\u00f5es do ex-presidente Donald Trump sobre a possibilidade de tarifas unilaterais ao Canad\u00e1 \u2014 principal comprador de etanol dos EUA \u2014 ampliaram o pessimismo do setor.&#13;\n<\/p>\n<p>A falta de avan\u00e7o nas negocia\u00e7\u00f5es com outros potenciais compradores da safra americana tamb\u00e9m contribuiu para o recuo semanal. Apesar de algumas compras pontuais, o mercado ignorou esses volumes e seguiu operando com tend\u00eancia de baixa. A \u00fanica sustenta\u00e7\u00e3o observada no momento \u00e9 a demanda, que impede quedas mais acentuadas nos pre\u00e7os internacionais do cereal.<br \/>&#13;<br \/>\n\u00a0<\/p>\n<\/p><\/div>\n<p><script data-cfasync=\"false\">\n    !function (f, b, e, v, n, t, s) {\n        if (f.fbq) return; n = f.fbq = function () {\n            n.callMethod ?\n                n.callMethod.apply(n, arguments) : n.queue.push(arguments)\n        };\n        if (!f._fbq) f._fbq = n; n.push = n; n.loaded = !0; n.version = '2.0';\n        n.queue = []; t = b.createElement(e); t.async = !0;\n        t.src = v; s = b.getElementsByTagName(e)[0];\n        s.parentNode.insertBefore(t, s)\n    }(window, document, 'script',\n        'https:\/\/connect.facebook.net\/en_US\/fbevents.js');\n    fbq('init', '522546078623747');\n    fbq('track', 'PageView');\n<\/script><br \/>\n<br \/><br \/>\n<br \/><a href=\"https:\/\/www.agrolink.com.br\/noticias\/milho-oscila-pouco-na-b3-e-recua-em-chicago_504363.html\">Source link <\/a><\/p>\n","protected":false},"excerpt":{"rendered":"<p>O mercado futuro de milho na B3 encerrou a sexta-feira (25\/07) em baixa, mantendo-se dentro de uma faixa estreita de<\/p>\n","protected":false},"author":1,"featured_media":1169,"comment_status":"open","ping_status":"open","sticky":false,"template":"","format":"standard","meta":{"_monsterinsights_skip_tracking":false,"_monsterinsights_sitenote_active":false,"_monsterinsights_sitenote_note":"","_monsterinsights_sitenote_category":0,"_uf_show_specific_survey":0,"_uf_disable_surveys":false,"footnotes":""},"categories":[8,1,14],"tags":[],"class_list":["post-17563","post","type-post","status-publish","format-standard","has-post-thumbnail","hentry","category-agro","category-news","category-politica-agro"],"_links":{"self":[{"href":"https:\/\/agromt.news\/index.php?rest_route=\/wp\/v2\/posts\/17563"}],"collection":[{"href":"https:\/\/agromt.news\/index.php?rest_route=\/wp\/v2\/posts"}],"about":[{"href":"https:\/\/agromt.news\/index.php?rest_route=\/wp\/v2\/types\/post"}],"author":[{"embeddable":true,"href":"https:\/\/agromt.news\/index.php?rest_route=\/wp\/v2\/users\/1"}],"replies":[{"embeddable":true,"href":"https:\/\/agromt.news\/index.php?rest_route=%2Fwp%2Fv2%2Fcomments&post=17563"}],"version-history":[{"count":0,"href":"https:\/\/agromt.news\/index.php?rest_route=\/wp\/v2\/posts\/17563\/revisions"}],"wp:featuredmedia":[{"embeddable":true,"href":"https:\/\/agromt.news\/index.php?rest_route=\/wp\/v2\/media\/1169"}],"wp:attachment":[{"href":"https:\/\/agromt.news\/index.php?rest_route=%2Fwp%2Fv2%2Fmedia&parent=17563"}],"wp:term":[{"taxonomy":"category","embeddable":true,"href":"https:\/\/agromt.news\/index.php?rest_route=%2Fwp%2Fv2%2Fcategories&post=17563"},{"taxonomy":"post_tag","embeddable":true,"href":"https:\/\/agromt.news\/index.php?rest_route=%2Fwp%2Fv2%2Ftags&post=17563"}],"curies":[{"name":"wp","href":"https:\/\/api.w.org\/{rel}","templated":true}]}}