{"id":17562,"date":"2025-07-28T15:34:42","date_gmt":"2025-07-28T19:34:42","guid":{"rendered":"https:\/\/agromt.news\/?p=17562"},"modified":"2025-07-28T15:34:42","modified_gmt":"2025-07-28T19:34:42","slug":"a-abertura-nacional-do-plantio-da-soja-25-26-ja-tem-data-marcada","status":"publish","type":"post","link":"https:\/\/agromt.news\/?p=17562","title":{"rendered":"A Abertura Nacional do Plantio da Soja 25\/26 j\u00e1 tem data marcada!"},"content":{"rendered":"<p> <br \/>\n<\/p>\n<div>\n<figure><img decoding=\"async\" src=\"https:\/\/agromt.news\/wp-content\/uploads\/2024\/11\/Entidades-do-agro-pedem-urgencia-na-aprovacao-do-PL-dos.jpeg\" alt=\"soja\" \/><figcaption>Foto: Pedro Silvestre<\/figcaption><\/figure>\n<\/div>\n<p>A <a href=\"https:\/\/www.canalrural.com.br\/?s=abertura+nacional+do+plantio+da+soja\">Abertura Nacional do Plantio da Soja<\/a> j\u00e1 tem data marcada para acontecer: 03\/10, \u00e0s 9h, hor\u00e1rio de Bras\u00edlia. O evento, que marca a abertura da temporada 25\/26, ser\u00e1 realizado na Fazenda Recanto, em Sidrol\u00e2ndia (MS).<\/p>\n<ul class=\"wp-block-list\">\n<li><strong><em>Fique por dentro das novidades e not\u00edcias recentes sobre a soja! Participe da nossa comunidade atrav\u00e9s do\u00a0<a href=\"https:\/\/chat.whatsapp.com\/BmMRwA0TZ2DHGyhzoaVEWu\">link<\/a>! <img decoding=\"async\" src=\"https:\/\/agromt.news\/wp-content\/uploads\/2025\/07\/A-Abertura-Nacional-do-Plantio-da-Soja-2526-ja-tem.png\" alt=\"\ud83c\udf31\" class=\"wp-smiley\" style=\"height: 1em;max-height: 1em\" \/><\/em><\/strong><\/li>\n<\/ul>\n<p>O encontro \u00e9 uma realiza\u00e7\u00e3o do<a href=\"https:\/\/www.canalrural.com.br\/\"> Canal Rural <\/a>e da <a href=\"https:\/\/aprosojabrasil.com.br\/\">Aprosoja Brasil<\/a>, e marca o in\u00edcio oficial de mais uma temporada para os produtores que movimentam a cadeia da soja no pa\u00eds.<\/p>\n<p>As inscri\u00e7\u00f5es para participar ser\u00e3o informadas em breve. Fa\u00e7a parte! <\/p>\n<figure class=\"wp-block-embed is-type-video is-provider-youtube wp-block-embed-youtube wp-embed-aspect-16-9 wp-has-aspect-ratio\">\n<div class=\"wp-block-embed__wrapper\">\n<\/div>\n<\/figure>\n<\/p>\n<\/p>\n<p>O post <a href=\"https:\/\/www.canalrural.com.br\/agricultura\/projeto-soja-brasil\/a-abertura-nacional-do-plantio-da-soja-25-26-ja-tem-data-marcada\/\">A Abertura Nacional do Plantio da Soja 25\/26 j\u00e1 tem data marcada!<\/a> apareceu primeiro em <a href=\"https:\/\/www.canalrural.com.br\">Canal Rural<\/a>.<\/p>\n<p><br \/>\n<br \/><a href=\"https:\/\/www.canalrural.com.br\/agricultura\/projeto-soja-brasil\/a-abertura-nacional-do-plantio-da-soja-25-26-ja-tem-data-marcada\/\">Source link <\/a><\/p>\n","protected":false},"excerpt":{"rendered":"<p>Foto: Pedro Silvestre A Abertura Nacional do Plantio da Soja j\u00e1 tem data marcada para acontecer: 03\/10, \u00e0s 9h, hor\u00e1rio<\/p>\n","protected":false},"author":1,"featured_media":5315,"comment_status":"open","ping_status":"open","sticky":false,"template":"","format":"standard","meta":{"_monsterinsights_skip_tracking":false,"_monsterinsights_sitenote_active":false,"_monsterinsights_sitenote_note":"","_monsterinsights_sitenote_category":0,"_uf_show_specific_survey":0,"_uf_disable_surveys":false,"footnotes":""},"categories":[1],"tags":[],"class_list":["post-17562","post","type-post","status-publish","format-standard","has-post-thumbnail","hentry","category-news"],"_links":{"self":[{"href":"https:\/\/agromt.news\/index.php?rest_route=\/wp\/v2\/posts\/17562"}],"collection":[{"href":"https:\/\/agromt.news\/index.php?rest_route=\/wp\/v2\/posts"}],"about":[{"href":"https:\/\/agromt.news\/index.php?rest_route=\/wp\/v2\/types\/post"}],"author":[{"embeddable":true,"href":"https:\/\/agromt.news\/index.php?rest_route=\/wp\/v2\/users\/1"}],"replies":[{"embeddable":true,"href":"https:\/\/agromt.news\/index.php?rest_route=%2Fwp%2Fv2%2Fcomments&post=17562"}],"version-history":[{"count":0,"href":"https:\/\/agromt.news\/index.php?rest_route=\/wp\/v2\/posts\/17562\/revisions"}],"wp:featuredmedia":[{"embeddable":true,"href":"https:\/\/agromt.news\/index.php?rest_route=\/wp\/v2\/media\/5315"}],"wp:attachment":[{"href":"https:\/\/agromt.news\/index.php?rest_route=%2Fwp%2Fv2%2Fmedia&parent=17562"}],"wp:term":[{"taxonomy":"category","embeddable":true,"href":"https:\/\/agromt.news\/index.php?rest_route=%2Fwp%2Fv2%2Fcategories&post=17562"},{"taxonomy":"post_tag","embeddable":true,"href":"https:\/\/agromt.news\/index.php?rest_route=%2Fwp%2Fv2%2Ftags&post=17562"}],"curies":[{"name":"wp","href":"https:\/\/api.w.org\/{rel}","templated":true}]}}