{"id":17561,"date":"2025-07-28T15:21:08","date_gmt":"2025-07-28T19:21:08","guid":{"rendered":"https:\/\/agromt.news\/?p=17561"},"modified":"2025-07-28T15:21:08","modified_gmt":"2025-07-28T19:21:08","slug":"relatorio-da-onu-diz-que-brasil-saiu-do-mapa-da-fome","status":"publish","type":"post","link":"https:\/\/agromt.news\/?p=17561","title":{"rendered":"Relat\u00f3rio da ONU diz que Brasil saiu do Mapa da Fome"},"content":{"rendered":"<p> <br \/>\n<br \/><img decoding=\"async\" src=\"https:\/\/agromt.news\/wp-content\/uploads\/2024\/10\/projeto-prioriza-produtos-frescos-e-organicos.jpg\" \/><\/p>\n<div>\n<p>Relat\u00f3rio apresentado nesta segunda-feira (28) durante a 2\u00aa C\u00fapula de Sistemas Alimentares da Organiza\u00e7\u00e3o das Na\u00e7\u00f5es Unidas (ONU) (UNFSS+4), na Eti\u00f3pia, revela que o Brasil est\u00e1 novamente fora do Mapa da Fome. O pa\u00eds est\u00e1 abaixo do patamar de 2,5% da popula\u00e7\u00e3o em risco de subnutri\u00e7\u00e3o ou de falta de acesso \u00e0 alimenta\u00e7\u00e3o suficiente.<\/p>\n<p>Os dados constam do estudo O Estado da Seguran\u00e7a Alimentar e Nutricional no Mundo 2025 (SOFI 2025), produzido pela Organiza\u00e7\u00e3o das Na\u00e7\u00f5es Unidas para a Alimenta\u00e7\u00e3o e a Agricultura (FAO\/ONU).<\/p>\n<p><em>Veja em primeira m\u00e3o tudo sobre agricultura, pecu\u00e1ria, economia e previs\u00e3o do tempo:<\/em><a href=\"https:\/\/news.google.com\/publications\/CAAqBwgKMPKZlQswq_mqAw?hl=pt-BR&amp;gl=BR&amp;ceid=BR%3Apt-419\" target=\"_blank\" rel=\"noreferrer noopener\"><em>\u00a0siga o Canal Rural no Google News!<\/em><\/a><\/p>\n<p>O Mapa da Fome \u00e9 um indicador global da FAO que identifica pa\u00edses em que mais de 2,5% da popula\u00e7\u00e3o sofrem de subalimenta\u00e7\u00e3o grave (inseguran\u00e7a alimentar cr\u00f4nica).<br \/>Estar no Mapa da Fome significa que uma parcela significativa da popula\u00e7\u00e3o do pa\u00eds n\u00e3o tem acesso regular a alimentos suficientes para uma vida saud\u00e1vel. O relat\u00f3rio SOFI divulga esse indicador sempre na forma de m\u00e9dias trienais, considerando as informa\u00e7\u00f5es dos \u00faltimos tr\u00eas anos.<\/p>\n<p>O Brasil alcan\u00e7ou esse patamar em 2014, mas tinha retornado ao Mapa da Fome no tri\u00eanio 2018\/2020. Agora, no tri\u00eanio 2022\/2204, voltou a ficar abaixo de 2,5%.<\/p>\n<\/div>\n<div>\n<p>Nota divulgada, em Bras\u00edlia, pelo Minist\u00e9rio do Desenvolvimento e Assist\u00eancia Social, Fam\u00edlia e Combate \u00e0 Fome destaca que \u201ca conquista foi alcan\u00e7ada em apenas dois anos, tendo em vista que 2022 foi um per\u00edodo considerado cr\u00edtico para a fome no Brasil\u201d.<\/p>\n<p>\u201cA sa\u00edda do Brasil do Mapa da Fome \u00e9 resultado de decis\u00f5es pol\u00edticas do governo brasileiro que priorizaram a redu\u00e7\u00e3o da pobreza, o est\u00edmulo \u00e0 gera\u00e7\u00e3o de emprego e renda, o apoio \u00e0 agricultura familiar, o fortalecimento da alimenta\u00e7\u00e3o escolar e o acesso \u00e0 alimenta\u00e7\u00e3o saud\u00e1vel\u201d, explica a nota.<\/p>\n<h2 class=\"wp-block-heading\" id=\"h-como-e-calculado-o-mapa-da-fome\">Como \u00e9 calculado o Mapa da Fome<\/h2>\n<p>A FAO adota alguns indicadores para monitorar a situa\u00e7\u00e3o alimentar nos pa\u00edses. O principal deles \u00e9 a Preval\u00eancia de Subnutri\u00e7\u00e3o (Prevalence of undernourishment \u2013 PoU), utilizado na constru\u00e7\u00e3o do Mapa da Fome. Esse indicador identifica, em cada pa\u00eds, o percentual da popula\u00e7\u00e3o em risco de subnutri\u00e7\u00e3o.<\/p>\n<p>O PoU \u00e9 calculado a partir de tr\u00eas vari\u00e1veis: quantidade de alimentos dispon\u00edveis no pa\u00eds, considerando produ\u00e7\u00e3o interna, importa\u00e7\u00e3o e exporta\u00e7\u00e3o; o consumo de alimentos pela popula\u00e7\u00e3o, considerando as diferen\u00e7as de capacidade de aquisi\u00e7\u00e3o (a renda) e a quantidade adequada de calorias\/dia, definida para um indiv\u00edduo m\u00e9dio representativo da popula\u00e7\u00e3o.<\/p>\n<\/p><\/div>\n<p><br \/>\n<br \/><a href=\"https:\/\/www.canalrural.com.br\/nacional\/relatorio-da-onu-diz-que-brasil-saiu-do-mapa-da-fome\/\">Source link <\/a><\/p>\n","protected":false},"excerpt":{"rendered":"<p>Relat\u00f3rio apresentado nesta segunda-feira (28) durante a 2\u00aa C\u00fapula de Sistemas Alimentares da Organiza\u00e7\u00e3o das Na\u00e7\u00f5es Unidas (ONU) (UNFSS+4), na<\/p>\n","protected":false},"author":1,"featured_media":2708,"comment_status":"open","ping_status":"open","sticky":false,"template":"","format":"standard","meta":{"_monsterinsights_skip_tracking":false,"_monsterinsights_sitenote_active":false,"_monsterinsights_sitenote_note":"","_monsterinsights_sitenote_category":0,"_uf_show_specific_survey":0,"_uf_disable_surveys":false,"footnotes":""},"categories":[1],"tags":[],"class_list":["post-17561","post","type-post","status-publish","format-standard","has-post-thumbnail","hentry","category-news"],"_links":{"self":[{"href":"https:\/\/agromt.news\/index.php?rest_route=\/wp\/v2\/posts\/17561"}],"collection":[{"href":"https:\/\/agromt.news\/index.php?rest_route=\/wp\/v2\/posts"}],"about":[{"href":"https:\/\/agromt.news\/index.php?rest_route=\/wp\/v2\/types\/post"}],"author":[{"embeddable":true,"href":"https:\/\/agromt.news\/index.php?rest_route=\/wp\/v2\/users\/1"}],"replies":[{"embeddable":true,"href":"https:\/\/agromt.news\/index.php?rest_route=%2Fwp%2Fv2%2Fcomments&post=17561"}],"version-history":[{"count":0,"href":"https:\/\/agromt.news\/index.php?rest_route=\/wp\/v2\/posts\/17561\/revisions"}],"wp:featuredmedia":[{"embeddable":true,"href":"https:\/\/agromt.news\/index.php?rest_route=\/wp\/v2\/media\/2708"}],"wp:attachment":[{"href":"https:\/\/agromt.news\/index.php?rest_route=%2Fwp%2Fv2%2Fmedia&parent=17561"}],"wp:term":[{"taxonomy":"category","embeddable":true,"href":"https:\/\/agromt.news\/index.php?rest_route=%2Fwp%2Fv2%2Fcategories&post=17561"},{"taxonomy":"post_tag","embeddable":true,"href":"https:\/\/agromt.news\/index.php?rest_route=%2Fwp%2Fv2%2Ftags&post=17561"}],"curies":[{"name":"wp","href":"https:\/\/api.w.org\/{rel}","templated":true}]}}