{"id":17559,"date":"2025-07-28T15:07:37","date_gmt":"2025-07-28T19:07:37","guid":{"rendered":"https:\/\/agromt.news\/?p=17559"},"modified":"2025-07-28T15:07:37","modified_gmt":"2025-07-28T19:07:37","slug":"marketing-lideranca-e-formacao-profissional","status":"publish","type":"post","link":"https:\/\/agromt.news\/?p=17559","title":{"rendered":"marketing, lideran\u00e7a e forma\u00e7\u00e3o profissional"},"content":{"rendered":"<p> <br \/>\n<br \/><img decoding=\"async\" src=\"https:\/\/agromt.news\/wp-content\/uploads\/2025\/07\/marketing-lideranca-e-formacao-profissional.jpg\" \/><\/p>\n<div>\n<p>A evolu\u00e7\u00e3o do agroneg\u00f3cio brasileiro exige cada vez mais <strong>profissionais preparados<\/strong>, com habilidades t\u00e9cnicas, vis\u00e3o estrat\u00e9gica e capacidade de adapta\u00e7\u00e3o. Nesse cen\u00e1rio, a <strong>educa\u00e7\u00e3o continuada<\/strong> se torna um fator essencial n\u00e3o apenas para quem est\u00e1 no campo, mas tamb\u00e9m para quem atua nos bastidores, nas ind\u00fastrias, institui\u00e7\u00f5es financeiras e empresas do setor.<\/p>\n<p>Programas educacionais que conectam <strong>teoria e pr\u00e1tica<\/strong>, como os oferecidos pelo Instituto Pecege, t\u00eam ganhado destaque justamente por atender a essa demanda.<\/p>\n<blockquote class=\"wp-block-quote is-layout-flow wp-block-quote-is-layout-flow\">\n<p>\u201cA educa\u00e7\u00e3o no agro precisa ser aplicada \u00e0 realidade. S\u00f3 assim conseguimos formar profissionais realmente preparados para os desafios do setor\u201d, afirma D\u00e9bora Planello, especialista em marketing agroindustrial e diretora do Pecege\u00a0.<\/p>\n<\/blockquote>\n<p>D\u00e9bora, que atuou por mais de 10 anos em grandes ind\u00fastrias de alimentos, como a Cargill e Seara, refor\u00e7a que entender a cadeia produtiva \u00e9 essencial para uma <strong>comunica\u00e7\u00e3o assertiva e eficaz<\/strong>. Sua experi\u00eancia no campo, durante o programa de trainee, influenciou diretamente a forma como conduz os projetos educacionais hoje.<\/p>\n<blockquote class=\"wp-block-quote is-layout-flow wp-block-quote-is-layout-flow\">\n<p>\u201cA viv\u00eancia pr\u00e1tica foi o que mais transformou minha forma de pensar o marketing. Comunica\u00e7\u00e3o no agro precisa ser t\u00e9cnica, mas tamb\u00e9m sens\u00edvel \u00e0s realidades do produtor.\u201d<\/p>\n<\/blockquote>\n<p>Os cursos coordenados por ela no Pecege priorizam temas atuais como <strong>ESG<\/strong>, <strong>mercado de carbono<\/strong>, <strong>gest\u00e3o de neg\u00f3cios<\/strong> e <strong>inova\u00e7\u00e3o<\/strong>, buscando sempre traduzir conceitos complexos em estrat\u00e9gias acess\u00edveis e aplic\u00e1veis.<\/p>\n<h2 class=\"wp-block-heading\">Educa\u00e7\u00e3o corporativa e desenvolvimento de equipes: o agro al\u00e9m da porteira<\/h2>\n<p>Uma das grandes apostas do Pecege \u00e9 a <strong>educa\u00e7\u00e3o corporativa<\/strong> voltada para empresas do agroneg\u00f3cio. Segundo D\u00e9bora, h\u00e1 uma demanda crescente por programas personalizados para <strong>equipes que n\u00e3o atuam diretamente no campo<\/strong>, mas est\u00e3o inseridas na cadeia como institui\u00e7\u00f5es financeiras, tradings e fornecedores de insumos.<\/p>\n<blockquote class=\"wp-block-quote is-layout-flow wp-block-quote-is-layout-flow\">\n<p>\u201cA ideia \u00e9 levar conte\u00fado t\u00e9cnico e pr\u00e1tico para quem precisa entender o agro, mesmo sem estar no campo. Isso amplia a vis\u00e3o e fortalece as decis\u00f5es de neg\u00f3cios.\u201d<\/p>\n<\/blockquote>\n<\/div>\n<div>\n<p>Essa abordagem contribui diretamente para <strong>melhorar a performance das equipes<\/strong>, alinhar comunica\u00e7\u00e3o entre setores e impulsionar resultados.<\/p>\n<h2 class=\"wp-block-heading\">Protagonismo feminino: educa\u00e7\u00e3o como porta de entrada para lideran\u00e7as no agro<\/h2>\n<p>Embora o foco seja educa\u00e7\u00e3o e desenvolvimento profissional, \u00e9 imposs\u00edvel ignorar o papel crescente das mulheres no setor. D\u00e9bora compartilha dados importantes: <strong>em cursos de p\u00f3s-gradua\u00e7\u00e3o no agro, 38% dos alunos s\u00e3o mulheres<\/strong>; mas quando h\u00e1 incentivo, como em programas de bolsa, <strong>a participa\u00e7\u00e3o feminina sobe para 53%<\/strong>.<\/p>\n<blockquote class=\"wp-block-quote is-layout-flow wp-block-quote-is-layout-flow\">\n<p>\u201cAinda temos espa\u00e7o para crescer. Em programas de lideran\u00e7a, como o Agro CEO, as mulheres representam menos de 10% das turmas. Precisamos mudar isso com a\u00e7\u00f5es espec\u00edficas\u201d, analisa.<\/p>\n<\/blockquote>\n<p>A equipe do Pecege j\u00e1 discute <strong>turmas exclusivas para mulheres<\/strong>, visando criar um ambiente seguro para troca de experi\u00eancias e fortalecimento da confian\u00e7a.<\/p>\n<p>D\u00e9bora tamb\u00e9m ressalta que muitas vezes as mulheres <strong>n\u00e3o se sentem prontas<\/strong> para liderar, o que exige uma mudan\u00e7a de mentalidade:<\/p>\n<blockquote class=\"wp-block-quote is-layout-flow wp-block-quote-is-layout-flow\">\n<p>\u201cNem sempre \u00e9 preciso estar 100% pronta. Capacita\u00e7\u00e3o \u00e9 um processo, e as oportunidades est\u00e3o a\u00ed. Basta ter coragem para se posicionar e buscar o que faz sentido para sua jornada.\u201d<\/p>\n<\/blockquote>\n<h2 class=\"wp-block-heading\">Assista \u00e0 entrevista completa de D\u00e9bora Planello para o programa A Protagonista<\/h2>\n<p>Em conversa com a jornalista <strong>Jaqueline Silva<\/strong>, no programa <em><a href=\"https:\/\/aprotagonista.canalrural.com.br\/\" target=\"_blank\" rel=\"noreferrer noopener\">A Protagonista<\/a><\/em>, D\u00e9bora Planello compartilha detalhes da sua carreira, os bastidores da educa\u00e7\u00e3o no agro e os desafios e avan\u00e7os da participa\u00e7\u00e3o feminina no setor.<\/p>\n<figure class=\"wp-block-embed is-type-video is-provider-youtube wp-block-embed-youtube wp-embed-aspect-16-9 wp-has-aspect-ratio\">\n<p>\n<iframe title=\"D\u00e9bora Planello fala sobre carreira, educa\u00e7\u00e3o e protagonismo feminino | A Protagonista\" width=\"800\" height=\"450\" src=\"https:\/\/www.youtube.com\/embed\/YMQWy4TJaeg?feature=oembed\" frameborder=\"0\" allow=\"accelerometer; autoplay; clipboard-write; encrypted-media; gyroscope; picture-in-picture; web-share\" referrerpolicy=\"strict-origin-when-cross-origin\" allowfullscreen><\/iframe><noscript><iframe title=\"D\u00e9bora Planello fala sobre carreira, educa\u00e7\u00e3o e protagonismo feminino | A Protagonista\" width=\"800\" height=\"450\" src=\"https:\/\/www.youtube.com\/embed\/YMQWy4TJaeg?feature=oembed\" frameborder=\"0\" allow=\"accelerometer; autoplay; clipboard-write; encrypted-media; gyroscope; picture-in-picture; web-share\" referrerpolicy=\"strict-origin-when-cross-origin\" allowfullscreen><\/iframe><\/noscript>\n<\/p>\n<\/figure><\/div>\n<p><br \/>\n<br \/><a href=\"https:\/\/www.canalrural.com.br\/diversos\/educacao-lideranca-e-marketing-no-agro-caminhos-para-transformar-o-setor\/\">Source link <\/a><\/p>\n","protected":false},"excerpt":{"rendered":"<p>A evolu\u00e7\u00e3o do agroneg\u00f3cio brasileiro exige cada vez mais profissionais preparados, com habilidades t\u00e9cnicas, vis\u00e3o estrat\u00e9gica e capacidade de adapta\u00e7\u00e3o.<\/p>\n","protected":false},"author":1,"featured_media":17560,"comment_status":"open","ping_status":"open","sticky":false,"template":"","format":"standard","meta":{"_monsterinsights_skip_tracking":false,"_monsterinsights_sitenote_active":false,"_monsterinsights_sitenote_note":"","_monsterinsights_sitenote_category":0,"_uf_show_specific_survey":0,"_uf_disable_surveys":false,"footnotes":""},"categories":[1],"tags":[],"class_list":["post-17559","post","type-post","status-publish","format-standard","has-post-thumbnail","hentry","category-news"],"_links":{"self":[{"href":"https:\/\/agromt.news\/index.php?rest_route=\/wp\/v2\/posts\/17559"}],"collection":[{"href":"https:\/\/agromt.news\/index.php?rest_route=\/wp\/v2\/posts"}],"about":[{"href":"https:\/\/agromt.news\/index.php?rest_route=\/wp\/v2\/types\/post"}],"author":[{"embeddable":true,"href":"https:\/\/agromt.news\/index.php?rest_route=\/wp\/v2\/users\/1"}],"replies":[{"embeddable":true,"href":"https:\/\/agromt.news\/index.php?rest_route=%2Fwp%2Fv2%2Fcomments&post=17559"}],"version-history":[{"count":0,"href":"https:\/\/agromt.news\/index.php?rest_route=\/wp\/v2\/posts\/17559\/revisions"}],"wp:featuredmedia":[{"embeddable":true,"href":"https:\/\/agromt.news\/index.php?rest_route=\/wp\/v2\/media\/17560"}],"wp:attachment":[{"href":"https:\/\/agromt.news\/index.php?rest_route=%2Fwp%2Fv2%2Fmedia&parent=17559"}],"wp:term":[{"taxonomy":"category","embeddable":true,"href":"https:\/\/agromt.news\/index.php?rest_route=%2Fwp%2Fv2%2Fcategories&post=17559"},{"taxonomy":"post_tag","embeddable":true,"href":"https:\/\/agromt.news\/index.php?rest_route=%2Fwp%2Fv2%2Ftags&post=17559"}],"curies":[{"name":"wp","href":"https:\/\/api.w.org\/{rel}","templated":true}]}}