{"id":17557,"date":"2025-07-28T14:53:57","date_gmt":"2025-07-28T18:53:57","guid":{"rendered":"https:\/\/agromt.news\/?p=17557"},"modified":"2025-07-28T14:53:57","modified_gmt":"2025-07-28T18:53:57","slug":"senadores-e-ministro-das-relacoes-exteriores-vao-para-os-eua-tentar-reverter-tarifaco","status":"publish","type":"post","link":"https:\/\/agromt.news\/?p=17557","title":{"rendered":"Senadores e ministro das Rela\u00e7\u00f5es Exteriores v\u00e3o para os EUA tentar reverter tarifa\u00e7o"},"content":{"rendered":"<p> <br \/>\n<br \/><img decoding=\"async\" src=\"https:\/\/agromt.news\/wp-content\/uploads\/2025\/07\/Senadores-e-ministro-das-Relacoes-Exteriores-vao-para-os-EUA.jpeg\" \/><\/p>\n<div>\n<figure class=\"wp-block-embed is-type-video is-provider-youtube wp-block-embed-youtube wp-embed-aspect-16-9 wp-has-aspect-ratio\">\n<p>\n<iframe title=\"Senadores brasileiros est\u00e3o nos Estados Unidos para debater novas taxas\" width=\"800\" height=\"450\" src=\"https:\/\/www.youtube.com\/embed\/3AuU8nnsPYs?feature=oembed\" frameborder=\"0\" allow=\"accelerometer; autoplay; clipboard-write; encrypted-media; gyroscope; picture-in-picture; web-share\" referrerpolicy=\"strict-origin-when-cross-origin\" allowfullscreen><\/iframe><noscript><iframe title=\"Senadores brasileiros est\u00e3o nos Estados Unidos para debater novas taxas\" width=\"800\" height=\"450\" src=\"https:\/\/www.youtube.com\/embed\/3AuU8nnsPYs?feature=oembed\" frameborder=\"0\" allow=\"accelerometer; autoplay; clipboard-write; encrypted-media; gyroscope; picture-in-picture; web-share\" referrerpolicy=\"strict-origin-when-cross-origin\" allowfullscreen><\/iframe><\/noscript>\n<\/p>\n<\/figure>\n<p>A poucos dias da entrada em vigor de uma tarifa adicional de 50% imposta EUA sobre produtos brasileiros, o governo corre contra o tempo para tentar reverter a medida. A sobretaxa, prevista para come\u00e7ar em 1\u00ba de agosto, atinge em cheio exporta\u00e7\u00f5es agropecu\u00e1rias brasileiras, como carne bovina, pescados, frutas, suco de laranja e mel.<\/p>\n<p>Neste fim de semana, uma comitiva de oito senadores brasileiros desembarcou em Washington para negociar com autoridades norte-americanas. A primeira reuni\u00e3o aconteceu na noite de s\u00e1bado (27). O grupo ter\u00e1 tr\u00eas dias de agenda: nesta segunda-feira (29), os parlamentares se encontram com empres\u00e1rios; na ter\u00e7a, com congressistas norte-americanos; e na quarta, com representantes da sociedade civil. Fazem parte da miss\u00e3o:<\/p>\n<ul class=\"wp-block-list\">\n<li>Tereza Cristina e Esperidi\u00e3o Amin (PP)<\/li>\n<li>Marcos Pontes (PL)<\/li>\n<li>Jacques Wagner e Rog\u00e9rio Carvalho (PT)<\/li>\n<li>Carlos Viana (Podemos)<\/li>\n<li>Fernando Farias (MDB)<\/li>\n<li>Nelsinho Trad (PSD), que lidera a comitiva<\/li>\n<\/ul>\n<p>Enquanto isso, o ministro das Rela\u00e7\u00f5es Exteriores, Mauro Vieira, est\u00e1 em Nova York, onde participa de uma reuni\u00e3o da ONU sobre o conflito em Gaza. Nos bastidores, ele tenta articular uma conversa com representantes da Casa Branca para discutir diretamente o impacto das novas tarifas ao Brasil.<\/p>\n<\/div>\n<div>\n<p><em>Veja em primeira m\u00e3o tudo sobre agricultura, pecu\u00e1ria, economia e previs\u00e3o do tempo:<\/em><a href=\"https:\/\/news.google.com\/publications\/CAAqBwgKMPKZlQswq_mqAw?hl=pt-BR&amp;gl=BR&amp;ceid=BR%3Apt-419\" target=\"_blank\" rel=\"noreferrer noopener\"><em>\u00a0siga o Canal Rural no Google News!<\/em><\/a><\/p>\n<p>As sobretaxas foram anunciadas pelo ex-presidente Donald Trump, que busca retomar protagonismo na pol\u00edtica externa dos EUA. No total, 27 pa\u00edses e o bloco da Uni\u00e3o Europeia ser\u00e3o atingidos pela medida. As tarifas mais brandas foram direcionadas ao Reino Unido (10%) e \u00e0 Uni\u00e3o Europeia e Jap\u00e3o (15%). J\u00e1 as mais severas recaem sobre o Brasil (50%), al\u00e9m de Mianmar e Laos (40%).<\/p>\n<p>Fontes diplom\u00e1ticas indicam que o governo norte-americano tem negociado concess\u00f5es comerciais em troca da redu\u00e7\u00e3o ou suspens\u00e3o das tarifas. No caso da <a href=\"https:\/\/www.canalrural.com.br\/internacional\/eua-e-uniao-europeia-fecham-acordo-tarifario\/\">Uni\u00e3o Europeia<\/a>, o bloco teria se comprometido a investir US$ 600 bilh\u00f5es nos EUA e a adquirir US$ 750 bilh\u00f5es em energia e equipamentos militares norte-americanos.<\/p>\n<p>O governo brasileiro ainda tenta uma solu\u00e7\u00e3o diplom\u00e1tica que impe\u00e7a os preju\u00edzos ao agroneg\u00f3cio e a outros setores da economia. A expectativa \u00e9 de que a movimenta\u00e7\u00e3o desta semana seja decisiva para o futuro das rela\u00e7\u00f5es comerciais entre os dois pa\u00edses.<\/p>\n<\/p><\/div>\n<p><br \/>\n<br \/><a href=\"https:\/\/www.canalrural.com.br\/economia\/senadores-e-ministro-das-relacoes-exteriores-vao-para-os-eua-tentar-reverter-tarifaco\/\">Source link <\/a><\/p>\n","protected":false},"excerpt":{"rendered":"<p>A poucos dias da entrada em vigor de uma tarifa adicional de 50% imposta EUA sobre produtos brasileiros, o governo<\/p>\n","protected":false},"author":1,"featured_media":17558,"comment_status":"open","ping_status":"open","sticky":false,"template":"","format":"standard","meta":{"_monsterinsights_skip_tracking":false,"_monsterinsights_sitenote_active":false,"_monsterinsights_sitenote_note":"","_monsterinsights_sitenote_category":0,"_uf_show_specific_survey":0,"_uf_disable_surveys":false,"footnotes":""},"categories":[1],"tags":[],"class_list":["post-17557","post","type-post","status-publish","format-standard","has-post-thumbnail","hentry","category-news"],"_links":{"self":[{"href":"https:\/\/agromt.news\/index.php?rest_route=\/wp\/v2\/posts\/17557"}],"collection":[{"href":"https:\/\/agromt.news\/index.php?rest_route=\/wp\/v2\/posts"}],"about":[{"href":"https:\/\/agromt.news\/index.php?rest_route=\/wp\/v2\/types\/post"}],"author":[{"embeddable":true,"href":"https:\/\/agromt.news\/index.php?rest_route=\/wp\/v2\/users\/1"}],"replies":[{"embeddable":true,"href":"https:\/\/agromt.news\/index.php?rest_route=%2Fwp%2Fv2%2Fcomments&post=17557"}],"version-history":[{"count":0,"href":"https:\/\/agromt.news\/index.php?rest_route=\/wp\/v2\/posts\/17557\/revisions"}],"wp:featuredmedia":[{"embeddable":true,"href":"https:\/\/agromt.news\/index.php?rest_route=\/wp\/v2\/media\/17558"}],"wp:attachment":[{"href":"https:\/\/agromt.news\/index.php?rest_route=%2Fwp%2Fv2%2Fmedia&parent=17557"}],"wp:term":[{"taxonomy":"category","embeddable":true,"href":"https:\/\/agromt.news\/index.php?rest_route=%2Fwp%2Fv2%2Fcategories&post=17557"},{"taxonomy":"post_tag","embeddable":true,"href":"https:\/\/agromt.news\/index.php?rest_route=%2Fwp%2Fv2%2Ftags&post=17557"}],"curies":[{"name":"wp","href":"https:\/\/api.w.org\/{rel}","templated":true}]}}