{"id":17553,"date":"2025-07-28T12:45:36","date_gmt":"2025-07-28T16:45:36","guid":{"rendered":"https:\/\/agromt.news\/?p=17553"},"modified":"2025-07-28T12:45:36","modified_gmt":"2025-07-28T16:45:36","slug":"vai-ter-ou-nao-tarifaco","status":"publish","type":"post","link":"https:\/\/agromt.news\/?p=17553","title":{"rendered":"vai ter ou n\u00e3o tarifa\u00e7o?"},"content":{"rendered":"<p> <br \/>\n<br \/><img decoding=\"async\" src=\"https:\/\/agromt.news\/wp-content\/uploads\/2024\/11\/Vitoria-de-Trump-deixa-agricultores-dos-EUA-com-muitas-perguntas.jpg\" \/><\/p>\n<div>\n<p>Com a proximidade do dia 1\u00ba de agosto, quando os Estados Unidos poder\u00e3o <a href=\"https:\/\/www.canalrural.com.br\/?s=tarifa%C3%A7o\">aplicar tarifas de at\u00e9 50% sobre produtos brasileiros<\/a>, aumentam as d\u00favidas sobre os impactos dessa medida no agroneg\u00f3cio, especialmente no setor da soja. No entanto, segundo o comentarista do Canal Rural, Miguel Daoud, n\u00e3o h\u00e1 motivo para preocupa\u00e7\u00e3o.<\/p>\n<ul class=\"wp-block-list\">\n<li><strong><em>Fique por dentro das novidades e not\u00edcias recentes sobre a soja! Participe da nossa comunidade atrav\u00e9s do\u00a0<a href=\"https:\/\/chat.whatsapp.com\/BmMRwA0TZ2DHGyhzoaVEWu\">link<\/a>! \ud83c\udf31<\/em><\/strong><\/li>\n<\/ul>\n<p>\u201cA soja tem uma demanda muito grande. N\u00e3o \u00e9 f\u00e1cil, mas temos que buscar alternativas. O que deve acontecer, se a tarifa for efetivamente aplicada, \u00e9 uma redu\u00e7\u00e3o nos pr\u00eamios nos portos\u201d, afirmou o analista.<\/p>\n<\/div>\n<div>\n<p>Daoud enfatizou que o Brasil possui vantagens competitivas que asseguram seu espa\u00e7o no mercado global. \u201cO Brasil tem qualidade, preserva o meio ambiente e, com esses atributos, fortalece sua posi\u00e7\u00e3o. Precisamos manter a persist\u00eancia para buscar novos mercados\u201d, completou.<\/p>\n<p>Para ele, o momento exige pragmatismo e vis\u00e3o estrat\u00e9gica. \u201c\u00c9 fundamental compreender a dimens\u00e3o da demanda. Quem j\u00e1 est\u00e1 se preparando para a pr\u00f3xima safra possui uma ideia do que esperar. Assim, \u00e9 poss\u00edvel ajustar a oferta e ficar atento \u00e0s oportunidades\u201d, disse.<\/p>\n<p>Assista \u00e0 an\u00e1lise completa:<\/p>\n<figure class=\"wp-block-embed is-type-video is-provider-youtube wp-block-embed-youtube wp-embed-aspect-16-9 wp-has-aspect-ratio\">\n<p>\n<iframe title=\"Semana decisiva: vai ter ou n\u00e3o tarifa\u00e7o?\" width=\"800\" height=\"450\" src=\"https:\/\/www.youtube.com\/embed\/-rH5jZY_-Hc?feature=oembed\" frameborder=\"0\" allow=\"accelerometer; autoplay; clipboard-write; encrypted-media; gyroscope; picture-in-picture; web-share\" referrerpolicy=\"strict-origin-when-cross-origin\" allowfullscreen><\/iframe>\n<\/p>\n<\/figure><\/div>\n<p><br \/>\n<br \/><a href=\"https:\/\/www.canalrural.com.br\/agricultura\/projeto-soja-brasil\/semana-decisiva-vai-ter-ou-nao-tarifaco\/\">Source link <\/a><\/p>\n","protected":false},"excerpt":{"rendered":"<p>Com a proximidade do dia 1\u00ba de agosto, quando os Estados Unidos poder\u00e3o aplicar tarifas de at\u00e9 50% sobre produtos<\/p>\n","protected":false},"author":1,"featured_media":4870,"comment_status":"open","ping_status":"open","sticky":false,"template":"","format":"standard","meta":{"_monsterinsights_skip_tracking":false,"_monsterinsights_sitenote_active":false,"_monsterinsights_sitenote_note":"","_monsterinsights_sitenote_category":0,"_uf_show_specific_survey":0,"_uf_disable_surveys":false,"footnotes":""},"categories":[1],"tags":[],"class_list":["post-17553","post","type-post","status-publish","format-standard","has-post-thumbnail","hentry","category-news"],"_links":{"self":[{"href":"https:\/\/agromt.news\/index.php?rest_route=\/wp\/v2\/posts\/17553"}],"collection":[{"href":"https:\/\/agromt.news\/index.php?rest_route=\/wp\/v2\/posts"}],"about":[{"href":"https:\/\/agromt.news\/index.php?rest_route=\/wp\/v2\/types\/post"}],"author":[{"embeddable":true,"href":"https:\/\/agromt.news\/index.php?rest_route=\/wp\/v2\/users\/1"}],"replies":[{"embeddable":true,"href":"https:\/\/agromt.news\/index.php?rest_route=%2Fwp%2Fv2%2Fcomments&post=17553"}],"version-history":[{"count":0,"href":"https:\/\/agromt.news\/index.php?rest_route=\/wp\/v2\/posts\/17553\/revisions"}],"wp:featuredmedia":[{"embeddable":true,"href":"https:\/\/agromt.news\/index.php?rest_route=\/wp\/v2\/media\/4870"}],"wp:attachment":[{"href":"https:\/\/agromt.news\/index.php?rest_route=%2Fwp%2Fv2%2Fmedia&parent=17553"}],"wp:term":[{"taxonomy":"category","embeddable":true,"href":"https:\/\/agromt.news\/index.php?rest_route=%2Fwp%2Fv2%2Fcategories&post=17553"},{"taxonomy":"post_tag","embeddable":true,"href":"https:\/\/agromt.news\/index.php?rest_route=%2Fwp%2Fv2%2Ftags&post=17553"}],"curies":[{"name":"wp","href":"https:\/\/api.w.org\/{rel}","templated":true}]}}