{"id":17542,"date":"2025-07-28T11:10:40","date_gmt":"2025-07-28T15:10:40","guid":{"rendered":"https:\/\/agromt.news\/?p=17542"},"modified":"2025-07-28T11:10:40","modified_gmt":"2025-07-28T15:10:40","slug":"precos-caem-para-a-menor-media-nos-ultimos-12-meses","status":"publish","type":"post","link":"https:\/\/agromt.news\/?p=17542","title":{"rendered":"pre\u00e7os caem para a menor m\u00e9dia nos \u00faltimos 12 meses"},"content":{"rendered":"<p> <br \/>\n<br \/><img decoding=\"async\" src=\"https:\/\/agromt.news\/wp-content\/uploads\/2025\/06\/Mandioca-segue-recuando-pela-terceira-semana-consecutiva.jpg\" \/><\/p>\n<div>\n<p>A falta de umidade dos solos em algumas \u00e1reas somada \u00e0 leve retra\u00e7\u00e3o de produtores continuou limitando um avan\u00e7o mais expressivo na oferta de mandioca na semana passada, Isso \u00e9 o que apontam os levantamentos do <a href=\"https:\/\/www.canalrural.com.br\/tag\/cepea\/\">Centro de Estudos Avan\u00e7ados em Economia Aplicada (Cepea).<\/a><\/p>\n<p>Por outro lado, conforme o instituto, a demanda enfraquecida pelos derivados seguiu pressionando as cota\u00e7\u00f5es da mat\u00e9ria-prima, com a m\u00e9dia tendo a maior desvaloriza\u00e7\u00e3o semanal desde janeiro deste ano e recuando para o menor patamar em 12 meses.<\/p>\n<\/div>\n<div>\n<p>Levantamentos mostram que o pre\u00e7o m\u00e9dio a prazo da tonelada de mandioca posta fecularia foi de R$ 471,36 (R$ 0,8198\/grama de amido) na \u00faltima semana. O valor representa queda de 4,3% frente \u00e0 anterior.\u00a0<\/p>\n<p>Em rela\u00e7\u00e3o ao mesmo per\u00edodo do ano passado, a baixa \u00e9 de 4,9%, em termos reais (utilizando o IGP-DI como deflator).<\/p>\n<p><em>*Sob supervis\u00e3o de Luis Roberto Toledo<\/em><\/p>\n<\/p><\/div>\n<p><br \/>\n<br \/><a href=\"https:\/\/www.canalrural.com.br\/agricultura\/mandioca-precos-caem-para-a-menor-media-nos-ultimos-12-meses\/\">Source link <\/a><\/p>\n","protected":false},"excerpt":{"rendered":"<p>A falta de umidade dos solos em algumas \u00e1reas somada \u00e0 leve retra\u00e7\u00e3o de produtores continuou limitando um avan\u00e7o mais<\/p>\n","protected":false},"author":1,"featured_media":17543,"comment_status":"open","ping_status":"open","sticky":false,"template":"","format":"standard","meta":{"_monsterinsights_skip_tracking":false,"_monsterinsights_sitenote_active":false,"_monsterinsights_sitenote_note":"","_monsterinsights_sitenote_category":0,"_uf_show_specific_survey":0,"_uf_disable_surveys":false,"footnotes":""},"categories":[1],"tags":[],"class_list":["post-17542","post","type-post","status-publish","format-standard","has-post-thumbnail","hentry","category-news"],"_links":{"self":[{"href":"https:\/\/agromt.news\/index.php?rest_route=\/wp\/v2\/posts\/17542"}],"collection":[{"href":"https:\/\/agromt.news\/index.php?rest_route=\/wp\/v2\/posts"}],"about":[{"href":"https:\/\/agromt.news\/index.php?rest_route=\/wp\/v2\/types\/post"}],"author":[{"embeddable":true,"href":"https:\/\/agromt.news\/index.php?rest_route=\/wp\/v2\/users\/1"}],"replies":[{"embeddable":true,"href":"https:\/\/agromt.news\/index.php?rest_route=%2Fwp%2Fv2%2Fcomments&post=17542"}],"version-history":[{"count":0,"href":"https:\/\/agromt.news\/index.php?rest_route=\/wp\/v2\/posts\/17542\/revisions"}],"wp:featuredmedia":[{"embeddable":true,"href":"https:\/\/agromt.news\/index.php?rest_route=\/wp\/v2\/media\/17543"}],"wp:attachment":[{"href":"https:\/\/agromt.news\/index.php?rest_route=%2Fwp%2Fv2%2Fmedia&parent=17542"}],"wp:term":[{"taxonomy":"category","embeddable":true,"href":"https:\/\/agromt.news\/index.php?rest_route=%2Fwp%2Fv2%2Fcategories&post=17542"},{"taxonomy":"post_tag","embeddable":true,"href":"https:\/\/agromt.news\/index.php?rest_route=%2Fwp%2Fv2%2Ftags&post=17542"}],"curies":[{"name":"wp","href":"https:\/\/api.w.org\/{rel}","templated":true}]}}