{"id":17541,"date":"2025-07-28T10:56:09","date_gmt":"2025-07-28T14:56:09","guid":{"rendered":"https:\/\/agromt.news\/?p=17541"},"modified":"2025-07-28T10:56:09","modified_gmt":"2025-07-28T14:56:09","slug":"mesmo-com-reacao-no-indicador-cotacoes-caem","status":"publish","type":"post","link":"https:\/\/agromt.news\/?p=17541","title":{"rendered":"mesmo com rea\u00e7\u00e3o no indicador, cota\u00e7\u00f5es caem"},"content":{"rendered":"<p> <br \/>\n<br \/><img decoding=\"async\" src=\"https:\/\/agromt.news\/wp-content\/uploads\/2024\/11\/mercado-interrompe-alta-de-precos-que-comecou-em-agosto.png\" \/><\/p>\n<div>\n<p>O Indicador do milho Esalq\/BM&amp;FBovespa, referente \u00e0 regi\u00e3o de Campinas (SP), vem reagindo nos \u00faltimos dias, mas ainda acumula queda na parcial de julho. \u00c9 isso o que apontam os levantamentos do <a href=\"https:\/\/www.canalrural.com.br\/tag\/cepea\/\">Centro de Estudos Avan\u00e7ados em Economia Aplicada (Cepea).\u00a0<\/a><\/p>\n<p>Segundo o Centro de Pesquisas, ao mesmo tempo em que os vendedores limitam as ofertas em regi\u00f5es onde a colheita est\u00e1 mais atrasada, em outras localidades, o ritmo acelerado das atividades de campo eleva a disponibilidade, pressionando as cota\u00e7\u00f5es.\u00a0\u00a0\u00a0\u00a0\u00a0\u00a0\u00a0\u00a0<\/p>\n<\/div>\n<div>\n<p>Al\u00e9m disso, agentes consultados pelo Cepea relatam que o aumento nos fretes refor\u00e7a o suporte sobre os pre\u00e7os.\u00a0<\/p>\n<p>Pesquisadores ressaltam que as boas expectativas quanto \u00e0s produ\u00e7\u00f5es brasileiras e mundiais continuam restringindo os neg\u00f3cios, visto que parte dos consumidores sinaliza estar estocada e aguarda o pr\u00f3ximo m\u00eas para adquirir o cereal a patamares inferiores aos atuais.<\/p>\n<p>*Sob supervis\u00e3o de Luis Roberto Toledo<\/p>\n<\/p><\/div>\n<p><br \/>\n<br \/><a href=\"https:\/\/www.canalrural.com.br\/agricultura\/milho-mesmo-com-reacao-no-indicador-cotacoes-caem\/\">Source link <\/a><\/p>\n","protected":false},"excerpt":{"rendered":"<p>O Indicador do milho Esalq\/BM&amp;FBovespa, referente \u00e0 regi\u00e3o de Campinas (SP), vem reagindo nos \u00faltimos dias, mas ainda acumula queda<\/p>\n","protected":false},"author":1,"featured_media":12468,"comment_status":"open","ping_status":"open","sticky":false,"template":"","format":"standard","meta":{"_monsterinsights_skip_tracking":false,"_monsterinsights_sitenote_active":false,"_monsterinsights_sitenote_note":"","_monsterinsights_sitenote_category":0,"_uf_show_specific_survey":0,"_uf_disable_surveys":false,"footnotes":""},"categories":[1],"tags":[],"class_list":["post-17541","post","type-post","status-publish","format-standard","has-post-thumbnail","hentry","category-news"],"_links":{"self":[{"href":"https:\/\/agromt.news\/index.php?rest_route=\/wp\/v2\/posts\/17541"}],"collection":[{"href":"https:\/\/agromt.news\/index.php?rest_route=\/wp\/v2\/posts"}],"about":[{"href":"https:\/\/agromt.news\/index.php?rest_route=\/wp\/v2\/types\/post"}],"author":[{"embeddable":true,"href":"https:\/\/agromt.news\/index.php?rest_route=\/wp\/v2\/users\/1"}],"replies":[{"embeddable":true,"href":"https:\/\/agromt.news\/index.php?rest_route=%2Fwp%2Fv2%2Fcomments&post=17541"}],"version-history":[{"count":0,"href":"https:\/\/agromt.news\/index.php?rest_route=\/wp\/v2\/posts\/17541\/revisions"}],"wp:featuredmedia":[{"embeddable":true,"href":"https:\/\/agromt.news\/index.php?rest_route=\/wp\/v2\/media\/12468"}],"wp:attachment":[{"href":"https:\/\/agromt.news\/index.php?rest_route=%2Fwp%2Fv2%2Fmedia&parent=17541"}],"wp:term":[{"taxonomy":"category","embeddable":true,"href":"https:\/\/agromt.news\/index.php?rest_route=%2Fwp%2Fv2%2Fcategories&post=17541"},{"taxonomy":"post_tag","embeddable":true,"href":"https:\/\/agromt.news\/index.php?rest_route=%2Fwp%2Fv2%2Ftags&post=17541"}],"curies":[{"name":"wp","href":"https:\/\/api.w.org\/{rel}","templated":true}]}}