{"id":17534,"date":"2025-07-28T09:49:09","date_gmt":"2025-07-28T13:49:09","guid":{"rendered":"https:\/\/agromt.news\/?p=17534"},"modified":"2025-07-28T09:49:09","modified_gmt":"2025-07-28T13:49:09","slug":"demanda-aquecida-impulsiona-precos-da-soja-mas-frete-caro-pressiona-margens","status":"publish","type":"post","link":"https:\/\/agromt.news\/?p=17534","title":{"rendered":"Demanda aquecida impulsiona pre\u00e7os da soja, mas frete caro pressiona margens"},"content":{"rendered":"<p> <br \/>\n<\/p>\n<div>\n<div class=\"row\">\n<div class=\"col-lg col-infos mt-0 mt-lg-0\">\n<div class=\"section-sub-title\">\n<p itemprop=\"description\">&#13;<br \/>\n                                Produtores apostam em entregas futuras com expectativa de frete menor&#13;\n                            <\/p>\n<\/p><\/div>\n<div class=\"container\">\n<div class=\"row\">\n<div class=\"col-lg p-0\">\n<div>\n<div class=\"block-news-main-infos mt-3 text-start\">\n<p>                                            <strong class=\"fn\" itemprop=\"author\" style=\"color: rgb(112, 112, 112); \">&#13;<br \/>\n                                                <a href=\"https:\/\/www.agrolink.com.br\/noticias\/javascript:;\" class=\"text-uppercase\" target=\"_blank\" style=\"color: rgb(112, 112, 112); \" rel=\"noopener\">Agrolink<\/a>&#13;<br \/>\n&#13;<br \/>\n                                                    &#8211; Aline Merladete&#13;<br \/>\n&#13;<br \/>\n                                            <\/strong><br \/>\n                                        <\/p>\n<p>                                            <abbr><time datetime=\"2025-07-28T10:08\" itemprop=\"datePublished dateModified\">Publicado em 28\/07\/2025 \u00e0s 10:08h.<\/time><\/abbr><br \/>\n                                            <\/p><\/div>\n<\/p><\/div>\n<\/p><\/div>\n<div class=\"col-lg p-0 text-lg-end\">\n<div>\n<div id=\"mdEnviarPagina\" class=\"modal fade\" role=\"dialog\">\n<div class=\"modal-dialog\">\n<div class=\"modal-content\">\n<div class=\"modal-body\">\n<p><strong>Estimado usu\u00e1rio.<\/strong><br \/>Preencha o formul\u00e1rio abaixo para remeter a p\u00e1gina.<\/p>\n<\/p><\/div>\n<\/p><\/div>\n<\/p><\/div>\n<\/div><\/div>\n<\/p><\/div>\n<\/p><\/div>\n<\/p><\/div>\n<\/p><\/div>\n<\/p><\/div>\n<div class=\"row justify-content-md-center mt-3\">\n<div class=\"col-lg-auto col-image block-news-main-image\">\n<p>                                <img decoding=\"async\" src=\"https:\/\/www.agrolink.com.br\/upload\/imagens-resizes\/80574ab49db140beaa381c415331a4d2_858x483.jpg\" class=\"lazyload img-fluid\"\/><br \/>\n                                                <span class=\"publicity-photo d-block mt-1\">Foto: USDA<\/span><\/p><\/div>\n<\/p><\/div>\n<div class=\"section-description section-description-noticias mt-3\">\n<p style=\"text-align:justify\">Os pre\u00e7os da <a href=\"https:\/\/www.agrolink.com.br\/culturas\/soja?utm_source=agrolink-detalhe-noticia&amp;utm_medium=detalhe-noticia&amp;utm_campaign=links-internos\" target=\"_blank\" rel=\"noopener\">soja<\/a> registraram nova valoriza\u00e7\u00e3o no mercado brasileiro ao longo da \u00faltima semana, impulsionados por uma combina\u00e7\u00e3o de fatores que refor\u00e7am o apetite da demanda tanto no Brasil quanto no exterior. A procura da China, principal compradora do gr\u00e3o, segue intensa e elevou os pr\u00eamios de exporta\u00e7\u00e3o nos portos nacionais, favorecendo a sustenta\u00e7\u00e3o das cota\u00e7\u00f5es.&#13;\n<\/p>\n<p style=\"text-align:justify\">De acordo com informa\u00e7\u00f5es divulgadas pelo Cepea (Centro de Estudos Avan\u00e7ados em Economia Aplicada), o movimento de alta foi limitado pelas recentes quedas no d\u00f3lar e nos pre\u00e7os internacionais da oleaginosa. Al\u00e9m disso, o aumento nos custos de frete rodovi\u00e1rio, intensificado nas \u00faltimas semanas, tem reduzido a rentabilidade dos sojicultores brasileiros. O encarecimento log\u00edstico \u00e9 apontado como um dos principais obst\u00e1culos no curto prazo.<\/p>\n<p style=\"text-align:justify\">O levantamento do Cepea tamb\u00e9m destaca que, diante desse cen\u00e1rio, muitos produtores t\u00eam optado por negociar contratos com entrega futura, deixando o mercado spot (de entrega imediata) em segundo plano. A expectativa \u00e9 de que, com o avan\u00e7o da colheita do milho safrinha e maior disponibilidade de caminh\u00f5es, os pre\u00e7os do transporte rodovi\u00e1rio tendam a recuar nos pr\u00f3ximos meses.&#13;\n<\/p>\n<p style=\"text-align:justify\">Essa estrat\u00e9gia de comercializa\u00e7\u00e3o demonstra cautela por parte dos agricultores, que buscam maximizar a margem de lucro em um ambiente de incertezas cambiais e log\u00edsticas. Apesar do bom momento nas exporta\u00e7\u00f5es, o custo elevado com transporte pode comprometer a competitividade do gr\u00e3o brasileiro no mercado global.<\/p>\n<p style=\"text-align:justify\">O cen\u00e1rio atual refor\u00e7a a import\u00e2ncia da efici\u00eancia log\u00edstica e da gest\u00e3o estrat\u00e9gica de contratos por parte dos produtores. Com o mercado externo atento ao fornecimento sul-americano, principalmente ap\u00f3s as perdas registradas nos EUA, o Brasil segue como protagonista nas negocia\u00e7\u00f5es da soja em 2024.&#13;\n<\/p>\n<\/p><\/div>\n<\/p><\/div>\n<p><script data-cfasync=\"false\">\n    !function (f, b, e, v, n, t, s) {\n        if (f.fbq) return; n = f.fbq = function () {\n            n.callMethod ?\n                n.callMethod.apply(n, arguments) : n.queue.push(arguments)\n        };\n        if (!f._fbq) f._fbq = n; n.push = n; n.loaded = !0; n.version = '2.0';\n        n.queue = []; t = b.createElement(e); t.async = !0;\n        t.src = v; s = b.getElementsByTagName(e)[0];\n        s.parentNode.insertBefore(t, s)\n    }(window, document, 'script',\n        'https:\/\/connect.facebook.net\/en_US\/fbevents.js');\n    fbq('init', '522546078623747');\n    fbq('track', 'PageView');\n<\/script><br \/>\n<br \/><br \/>\n<br \/><a href=\"https:\/\/www.agrolink.com.br\/noticias\/demanda-aquecida-impulsiona-precos-da-soja--mas-frete-caro-pressiona-margens_504366.html\">Source link <\/a><\/p>\n","protected":false},"excerpt":{"rendered":"<p>&#13; Produtores apostam em entregas futuras com expectativa de frete menor&#13; &#13; Agrolink&#13; &#13; &#8211; Aline Merladete&#13; &#13; Publicado em<\/p>\n","protected":false},"author":1,"featured_media":3360,"comment_status":"open","ping_status":"open","sticky":false,"template":"","format":"standard","meta":{"_monsterinsights_skip_tracking":false,"_monsterinsights_sitenote_active":false,"_monsterinsights_sitenote_note":"","_monsterinsights_sitenote_category":0,"_uf_show_specific_survey":0,"_uf_disable_surveys":false,"footnotes":""},"categories":[8,1,14],"tags":[],"class_list":["post-17534","post","type-post","status-publish","format-standard","has-post-thumbnail","hentry","category-agro","category-news","category-politica-agro"],"_links":{"self":[{"href":"https:\/\/agromt.news\/index.php?rest_route=\/wp\/v2\/posts\/17534"}],"collection":[{"href":"https:\/\/agromt.news\/index.php?rest_route=\/wp\/v2\/posts"}],"about":[{"href":"https:\/\/agromt.news\/index.php?rest_route=\/wp\/v2\/types\/post"}],"author":[{"embeddable":true,"href":"https:\/\/agromt.news\/index.php?rest_route=\/wp\/v2\/users\/1"}],"replies":[{"embeddable":true,"href":"https:\/\/agromt.news\/index.php?rest_route=%2Fwp%2Fv2%2Fcomments&post=17534"}],"version-history":[{"count":0,"href":"https:\/\/agromt.news\/index.php?rest_route=\/wp\/v2\/posts\/17534\/revisions"}],"wp:featuredmedia":[{"embeddable":true,"href":"https:\/\/agromt.news\/index.php?rest_route=\/wp\/v2\/media\/3360"}],"wp:attachment":[{"href":"https:\/\/agromt.news\/index.php?rest_route=%2Fwp%2Fv2%2Fmedia&parent=17534"}],"wp:term":[{"taxonomy":"category","embeddable":true,"href":"https:\/\/agromt.news\/index.php?rest_route=%2Fwp%2Fv2%2Fcategories&post=17534"},{"taxonomy":"post_tag","embeddable":true,"href":"https:\/\/agromt.news\/index.php?rest_route=%2Fwp%2Fv2%2Ftags&post=17534"}],"curies":[{"name":"wp","href":"https:\/\/api.w.org\/{rel}","templated":true}]}}