{"id":17532,"date":"2025-07-28T09:04:22","date_gmt":"2025-07-28T13:04:22","guid":{"rendered":"https:\/\/agromt.news\/?p=17532"},"modified":"2025-07-28T09:04:22","modified_gmt":"2025-07-28T13:04:22","slug":"o-que-esta-em-jogo-para-o-agro-brasileiro","status":"publish","type":"post","link":"https:\/\/agromt.news\/?p=17532","title":{"rendered":"O que est\u00e1 em jogo para o agro brasileiro?"},"content":{"rendered":"<p> <br \/>\n<\/p>\n<div>\n<p>No domingo (27), os EUA e Uni\u00e3o Europeia anunciaram um acordo comercial hist\u00f3rico, que evita o aumento de tarifas e amplia a coopera\u00e7\u00e3o entre os dois maiores blocos econ\u00f4micos do mundo. O an\u00fancio foi celebrado por ambos como uma vit\u00f3ria estrat\u00e9gica, mas do outro lado do Atl\u00e2ntico, o setor agroexportador brasileiro acendeu o sinal de alerta.<\/p>\n<p>Mesmo sem ser parte direta do tratado, o Brasil, maior pot\u00eancia agr\u00edcola do hemisf\u00e9rio sul, pode ser fortemente impactado. Neste artigo, explico, de forma did\u00e1tica e clara, como o agroneg\u00f3cio brasileiro corre o risco de perder espa\u00e7o, competitividade e mercado com esse novo alinhamento internacional.<\/p>\n<h2 class=\"wp-block-heading\" id=\"h-desvio-de-comercio-brasil-pode-perder-mercado-para-os-eua\"><strong>Desvio de com\u00e9rcio: Brasil pode perder mercado para os EUA<\/strong><\/h2>\n<p>Com a redu\u00e7\u00e3o de barreiras entre EUA e Europa, produtos agr\u00edcolas americanos poder\u00e3o entrar no mercado europeu com\u00a0menores tarifas ou menos exig\u00eancias burocr\u00e1ticas. Isso favorece exporta\u00e7\u00f5es de milho, soja, carnes e outros produtos dos EUA \u2014 justamente os principais itens da pauta brasileira.<\/p>\n<ul class=\"wp-block-list\">\n<li>\u2013 Se o milho americano chegar mais barato \u00e0 Europa, o gr\u00e3o brasileiro pode ser descartado por quest\u00f5es log\u00edsticas ou regulat\u00f3rias.<\/li>\n<li>\u00a0-O mesmo vale para carnes bovinas e su\u00ednas, onde a concorr\u00eancia por cotas e mercados \u00e9 cada vez mais acirrada.<\/li>\n<\/ul>\n<h2 class=\"wp-block-heading\" id=\"h-regras-ambientais-e-sanitarias-mais-rigidas-podem-virar-barreira-ao-brasil\">Regras ambientais e sanit\u00e1rias mais r\u00edgidas podem virar barreira ao Brasil<\/h2>\n<p>Um dos pilares do acordo \u00e9 o\u00a0alinhamento regulat\u00f3rio, especialmente em quest\u00f5es ambientais e sanit\u00e1rias. Isso significa que\u00a0EUA e UE podem adotar padr\u00f5es conjuntos de produ\u00e7\u00e3o sustent\u00e1vel, rastreabilidade e controle de emiss\u00f5es.<\/p>\n<p>Para o Brasil, isso representa um risco:\u00a0produtores que n\u00e3o conseguirem comprovar boas pr\u00e1ticas ambientais e rastreabilidade detalhada podem ser exclu\u00eddos desses mercados.<\/p>\n<ul class=\"wp-block-list\">\n<li>\u2013 A Uni\u00e3o Europeia j\u00e1 exige \u201cdesmatamento zero\u201d em seus fornecedores.<\/li>\n<li>\u00a0-Caso os EUA adotem padr\u00e3o semelhante, os dois maiores mercados do mundo passar\u00e3o a exigir certifica\u00e7\u00f5es que muitos produtores brasileiros ainda n\u00e3o possuem.<\/li>\n<\/ul>\n<h2 class=\"wp-block-heading\" id=\"h-impacto-nos-precos-internacionais-das-commodities\"><strong>Impacto nos pre\u00e7os internacionais das commodities<\/strong><\/h2>\n<p>Com dois gigantes exportadores cooperando, a oferta global de alimentos e mat\u00e9rias-primas tende a aumentar. E o resultado direto disso \u00e9 a\u00a0queda dos pre\u00e7os internacionais das commodities agr\u00edcolas.<\/p>\n<ul class=\"wp-block-list\">\n<li>\u2013 Soja, milho, carne, trigo e outros produtos podem sofrer desvaloriza\u00e7\u00e3o nos mercados internacionais.<\/li>\n<li>\u2013 Isso afeta a\u00a0receita direta dos produtores brasileiros, que j\u00e1 enfrentam margens apertadas devido a juros altos, endividamento e aumento de custos operacionais.<\/li>\n<\/ul>\n<\/div>\n<div>\n<h2 class=\"wp-block-heading\" id=\"h-o-risco-de-isolamento-comercial-do-brasil\"><strong>O risco de isolamento comercial do Brasil<\/strong><\/h2>\n<p>Enquanto EUA e Europa avan\u00e7am em parcerias estrat\u00e9gicas, o Brasil ainda luta para ratificar o acordo Mercosul\u2013UE, paralisado por quest\u00f5es ambientais e disputas pol\u00edticas.<\/p>\n<p><em>Veja em primeira m\u00e3o tudo sobre agricultura, pecu\u00e1ria, economia e previs\u00e3o do tempo:<\/em><a href=\"https:\/\/news.google.com\/publications\/CAAqBwgKMPKZlQswq_mqAw?hl=pt-BR&amp;gl=BR&amp;ceid=BR%3Apt-419\" target=\"_blank\" rel=\"noreferrer noopener\"><em>\u00a0siga o Canal Rural no Google News!<\/em><\/a><\/p>\n<p>Se o Brasil n\u00e3o avan\u00e7ar em seus pr\u00f3prios acordos bilaterais ou regionais, corre o risco de\u00a0ficar \u00e0 margem das grandes cadeias globais de valor, perdendo acesso a mercados premium.<\/p>\n<p>Al\u00e9m disso,\u00a0a depend\u00eancia crescente da China<strong>,<\/strong> que j\u00e1 responde por mais de 30% das exporta\u00e7\u00f5es do agro brasileiro, aumenta a vulnerabilidade geopol\u00edtica do pa\u00eds.<\/p>\n<h2 class=\"wp-block-heading\" id=\"h-o-que-o-brasil-pode-e-precisa-fazer\"><strong>O que o Brasil pode (e precisa) fazer<\/strong><\/h2>\n<p>Para enfrentar esse novo cen\u00e1rio, o agroneg\u00f3cio brasileiro e o governo federal precisam agir em tr\u00eas frentes:<\/p>\n<ul class=\"wp-block-list\">\n<li>Aprovar o Acordo Mercosul\u2013UE\u00a0e buscar novos pactos bilaterais com pa\u00edses estrat\u00e9gicos.<\/li>\n<li>Avan\u00e7ar em rastreabilidade, certifica\u00e7\u00f5es ambientais e sustentabilidade da produ\u00e7\u00e3o<strong>.<\/strong><\/li>\n<li>Investir em agrega\u00e7\u00e3o de valor, com produtos processados, marcas fortes e diversifica\u00e7\u00e3o da pauta exportadora.<\/li>\n<\/ul>\n<p>O novo acordo entre EUA e Uni\u00e3o Europeia n\u00e3o menciona o Brasil,\u00a0 mas ter\u00e1 efeitos concretos sobre o pa\u00eds. A competi\u00e7\u00e3o ser\u00e1 mais dura, as exig\u00eancias ser\u00e3o maiores, e o espa\u00e7o para improvisos ser\u00e1 cada vez menor.<\/p>\n<p>Se quiser manter sua posi\u00e7\u00e3o de lideran\u00e7a mundial na exporta\u00e7\u00e3o de alimentos, o Brasil precisar\u00e1 se adaptar rapidamente. O mundo est\u00e1 mudando, e o agro brasileiro n\u00e3o pode ficar parado<\/p>\n<div class=\"wp-block-media-text is-stacked-on-mobile\">\n<figure class=\"wp-block-media-text__media\"><img fetchpriority=\"high\" decoding=\"async\" width=\"683\" height=\"1024\" alt=\"Miguel Daoud\" class=\"wp-image-4095706 size-full\"  data-lazy- src=\"https:\/\/agromt.news\/wp-content\/uploads\/2025\/04\/Como-guerras-e-crises-moldaram-o-preco-das-commodities-nos.jpg\"\/><img decoding=\"async\" width=\"683\" height=\"1024\" src=\"https:\/\/agromt.news\/wp-content\/uploads\/2025\/04\/Como-guerras-e-crises-moldaram-o-preco-das-commodities-nos.jpg\" alt=\"Miguel Daoud\" class=\"wp-image-4095706 size-full\"  \/><\/figure>\n<div class=\"wp-block-media-text__content\">\n<p class=\"has-text-align-center\">*<em><strong>Miguel Daoud<\/strong>\u00a0\u00e9 comentarista de Economia e Pol\u00edtica\u00a0do Canal Rural<\/em><\/p>\n<\/div>\n<\/div>\n<hr class=\"wp-block-separator has-alpha-channel-opacity\"\/>\n<p><em>O\u00a0<strong>Canal Rural<\/strong>\u00a0n\u00e3o se responsabiliza pelas opini\u00f5es e conceitos emitidos nos textos desta sess\u00e3o, sendo os conte\u00fados de inteira responsabilidade de seus autores. A empresa se reserva o direito de fazer ajustes no texto para adequa\u00e7\u00e3o \u00e0s normas de publica\u00e7\u00e3o.<\/em><\/p>\n<\/p><\/div>\n<p><br \/>\n<br \/><a href=\"https:\/\/www.canalrural.com.br\/opiniao-noticias\/acordo-eua-uniao-europeia-o-que-esta-em-jogo-para-o-agro-brasileiro\/\">Source link <\/a><\/p>\n","protected":false},"excerpt":{"rendered":"<p>No domingo (27), os EUA e Uni\u00e3o Europeia anunciaram um acordo comercial hist\u00f3rico, que evita o aumento de tarifas e<\/p>\n","protected":false},"author":1,"featured_media":17533,"comment_status":"open","ping_status":"open","sticky":false,"template":"","format":"standard","meta":{"_monsterinsights_skip_tracking":false,"_monsterinsights_sitenote_active":false,"_monsterinsights_sitenote_note":"","_monsterinsights_sitenote_category":0,"_uf_show_specific_survey":0,"_uf_disable_surveys":false,"footnotes":""},"categories":[1],"tags":[],"class_list":["post-17532","post","type-post","status-publish","format-standard","has-post-thumbnail","hentry","category-news"],"_links":{"self":[{"href":"https:\/\/agromt.news\/index.php?rest_route=\/wp\/v2\/posts\/17532"}],"collection":[{"href":"https:\/\/agromt.news\/index.php?rest_route=\/wp\/v2\/posts"}],"about":[{"href":"https:\/\/agromt.news\/index.php?rest_route=\/wp\/v2\/types\/post"}],"author":[{"embeddable":true,"href":"https:\/\/agromt.news\/index.php?rest_route=\/wp\/v2\/users\/1"}],"replies":[{"embeddable":true,"href":"https:\/\/agromt.news\/index.php?rest_route=%2Fwp%2Fv2%2Fcomments&post=17532"}],"version-history":[{"count":0,"href":"https:\/\/agromt.news\/index.php?rest_route=\/wp\/v2\/posts\/17532\/revisions"}],"wp:featuredmedia":[{"embeddable":true,"href":"https:\/\/agromt.news\/index.php?rest_route=\/wp\/v2\/media\/17533"}],"wp:attachment":[{"href":"https:\/\/agromt.news\/index.php?rest_route=%2Fwp%2Fv2%2Fmedia&parent=17532"}],"wp:term":[{"taxonomy":"category","embeddable":true,"href":"https:\/\/agromt.news\/index.php?rest_route=%2Fwp%2Fv2%2Fcategories&post=17532"},{"taxonomy":"post_tag","embeddable":true,"href":"https:\/\/agromt.news\/index.php?rest_route=%2Fwp%2Fv2%2Ftags&post=17532"}],"curies":[{"name":"wp","href":"https:\/\/api.w.org\/{rel}","templated":true}]}}