{"id":17526,"date":"2025-07-28T07:39:16","date_gmt":"2025-07-28T11:39:16","guid":{"rendered":"https:\/\/agromt.news\/?p=17526"},"modified":"2025-07-28T07:39:16","modified_gmt":"2025-07-28T11:39:16","slug":"dia-de-celebrar-quem-cultiva-o-campo-e-alimenta-o-brasil","status":"publish","type":"post","link":"https:\/\/agromt.news\/?p=17526","title":{"rendered":"Dia de celebrar quem cultiva o campo e alimenta o Brasil"},"content":{"rendered":"<p> <br \/>\n<\/p>\n<div>\n<p>No Brasil, nesta segunda-feira, 28 de julho, celebramos o Dia do Agricultor \u2014 aquele que vive da terra, trabalha com dedica\u00e7\u00e3o e faz a esperan\u00e7a florescer no campo. A data foi criada em 1960, quando Juscelino Kubitschek fundou o Minist\u00e9rio da Agricultura. <\/p>\n<p>De Norte a Sul do pa\u00eds, s\u00e3o homens e mulheres que acordam cedo, enfrentam o clima incerto, as pragas, os pre\u00e7os e, mesmo assim, persistem. Porque sabem que sua miss\u00e3o vai al\u00e9m de <a href=\"https:\/\/www.canalrural.com.br\/empreendedorismo\/agroextrativista-tocantinense-transforma-saberes-em-sabores-do-cerrado\/\">plantar e colher<\/a>: eles s\u00e3o respons\u00e1veis pela comida de milh\u00f5es de pessoas dentro e fora do pa\u00eds.<\/p>\n<p>Portanto, nesse universo, existem hist\u00f3rias que se destacam pela for\u00e7a da coletividade e pela capacidade de transformar desafios em oportunidades.<\/p>\n<h2 class=\"wp-block-heading\" id=\"h-transformar-a-goiaba-em-simbolo-de-identidade\">Transformar a goiaba em s\u00edmbolo de identidade<\/h2>\n<p>Em Carl\u00f3polis, no Norte Pioneiro do Paran\u00e1 (PR),  Rodrigo da Silva Viana cultiva <a href=\"https:\/\/www.canalrural.com.br\/agricultura\/polpa-de-goiaba-pode-ser-usada-na-alimentacao-de-tambaqui\/\">goiabas<\/a>. A fruta carrega o selo da Indica\u00e7\u00e3o Geogr\u00e1fica (IG) na modalidade de Indica\u00e7\u00e3o de Proced\u00eancia (IP), reconhecimento conquistado em 2016 junto ao <a href=\"https:\/\/www.gov.br\/inpi\/pt-br\">Instituto Nacional da Propriedade Industrial<\/a> (INPI) e, com apoio do <a href=\"https:\/\/sebraepr.com.br\/\">Sebrae\/PR<\/a>.\u00a0<\/p>\n<p>\u201cMinha fam\u00edlia produz goiaba desde os anos 90. Hoje sou a segunda gera\u00e7\u00e3o. A IG ajudou a gente a melhorar a qualidade, alcan\u00e7ar novos mercados e at\u00e9 exportar\u201d, conta Viana.<\/p>\n<p>\u00a0Segundo o agricultor, Carl\u00f3polis \u00e9 atualmente a capital nacional da goiaba de mesa e o maior produtor do Paran\u00e1. Com a formaliza\u00e7\u00e3o de uma cooperativa local \u2014 que re\u00fane 40 cooperados e outros 40 produtores independentes \u2014 a comercializa\u00e7\u00e3o da goiaba ganhou escala.<\/p>\n<p>\u201cUma parte da economia do munic\u00edpio gira em torno da goiaba. Ent\u00e3o, \u00e9 um trabalho que a gente vem fazendo ao longo dos anos para poder continuar no mercado, continuar produzindo e entregando uma fruta de boa qualidade\u201d, diz Viana. <\/p>\n<\/div>\n<div>\n<ul class=\"wp-block-list\">\n<li><em>Participe do Porteira Aberta Empreender: envie perguntas, sugest\u00f5es e conte sua hist\u00f3ria de empreendedorismo pelo\u00a0<\/em><a href=\"https:\/\/api.whatsapp.com\/send?phone=5511932796720&amp;PorteiraAbertaEmpreender=SuaMensagem\">WhatsApp<\/a><\/li>\n<\/ul>\n<figure class=\"wp-block-image size-large is-resized\"><img fetchpriority=\"high\" decoding=\"async\" width=\"1024\" height=\"700\" alt=\"Agricultor segurando uma goiaba.\" class=\"wp-image-4112159\" style=\"width:477px;height:auto\"  data-lazy- src=\"https:\/\/agromt.news\/wp-content\/uploads\/2025\/07\/Dia-de-celebrar-quem-cultiva-o-campo-e-alimenta-o.png\"\/><img decoding=\"async\" width=\"1024\" height=\"700\" src=\"https:\/\/agromt.news\/wp-content\/uploads\/2025\/07\/Dia-de-celebrar-quem-cultiva-o-campo-e-alimenta-o.png\" alt=\"Agricultor segurando uma goiaba.\" class=\"wp-image-4112159\" style=\"width:477px;height:auto\"  \/><figcaption class=\"wp-element-caption\">Rodrigo da Silva Viana, agricultor de em Carl\u00f3polis (PR). Foto: Sebrae\/PR<\/figcaption><\/figure>\n<h2 class=\"wp-block-heading\" id=\"h-da-indicacao-geografica-a-exportacao\"><strong>Da Indica\u00e7\u00e3o Geogr\u00e1fica \u00e0 Exporta\u00e7\u00e3o<\/strong><\/h2>\n<p>Mas nada disso veio f\u00e1cil. Para conquistar o mercado europeu, por exemplo, Viana precisou viajar ao continente, visitar feiras internacionais e entender os requisitos exigidos para exporta\u00e7\u00e3o. <\/p>\n<p>Foi assim que descobriu a necessidade da certifica\u00e7\u00e3o em Boas Pr\u00e1ticas Agr\u00edcolas \u2014 Global G.A.P. (Good Agricultural Practices), programa reconhecido internacionalmente e exigido pelos supermercados da Europa. Atualmente, \u00e9 considerada a certifica\u00e7\u00e3o agr\u00edcola mais utilizada no mundo. <\/p>\n<p>\u201cEnt\u00e3o, junto com o Sebrae, foi criado todo esse processo de certifica\u00e7\u00e3o da goiaba para poder atender o mercado europeu\u201d, explica o agricultor.<\/p>\n<h2 class=\"wp-block-heading\" id=\"h-parabens-agricultor\">Parab\u00e9ns, Agricultor! <\/h2>\n<p>Neste Dia do Agricultor, a equipe do <strong><a href=\"https:\/\/www.canalrural.com.br\/empreendedorismo\/saiba-como-produtores-de-chas-se-tornaram-referencia-nacional\/\"><em>Porteira Aberta Empreender<\/em> <\/a><\/strong>parabeniza todos os produtores rurais, como o Rodrigo da Silva Viana, que representam a for\u00e7a da agricultura e a excel\u00eancia da produ\u00e7\u00e3o agr\u00edcola brasileira.<\/p>\n<p>Com apoio do <strong><a href=\"https:\/\/sebrae.com.br\/sites\/PortalSebrae\/\">Sebrae<\/a><\/strong>, cresce o agroempreendedorismo, o cooperativismo rural e a valoriza\u00e7\u00e3o do conhecimento t\u00e9cnico daqueles que <strong>plantam o futuro, alimentam o presente e sustentam o Brasil.<\/strong><\/p>\n<\/p><\/div>\n<p><br \/>\n<br \/><a href=\"https:\/\/www.canalrural.com.br\/empreendedorismo\/dia-de-celebrar-quem-cultiva-o-campo-e-alimenta-o-brasil\/\">Source link <\/a><\/p>\n","protected":false},"excerpt":{"rendered":"<p>No Brasil, nesta segunda-feira, 28 de julho, celebramos o Dia do Agricultor \u2014 aquele que vive da terra, trabalha com<\/p>\n","protected":false},"author":1,"featured_media":17527,"comment_status":"open","ping_status":"open","sticky":false,"template":"","format":"standard","meta":{"_monsterinsights_skip_tracking":false,"_monsterinsights_sitenote_active":false,"_monsterinsights_sitenote_note":"","_monsterinsights_sitenote_category":0,"_uf_show_specific_survey":0,"_uf_disable_surveys":false,"footnotes":""},"categories":[1],"tags":[],"class_list":["post-17526","post","type-post","status-publish","format-standard","has-post-thumbnail","hentry","category-news"],"_links":{"self":[{"href":"https:\/\/agromt.news\/index.php?rest_route=\/wp\/v2\/posts\/17526"}],"collection":[{"href":"https:\/\/agromt.news\/index.php?rest_route=\/wp\/v2\/posts"}],"about":[{"href":"https:\/\/agromt.news\/index.php?rest_route=\/wp\/v2\/types\/post"}],"author":[{"embeddable":true,"href":"https:\/\/agromt.news\/index.php?rest_route=\/wp\/v2\/users\/1"}],"replies":[{"embeddable":true,"href":"https:\/\/agromt.news\/index.php?rest_route=%2Fwp%2Fv2%2Fcomments&post=17526"}],"version-history":[{"count":0,"href":"https:\/\/agromt.news\/index.php?rest_route=\/wp\/v2\/posts\/17526\/revisions"}],"wp:featuredmedia":[{"embeddable":true,"href":"https:\/\/agromt.news\/index.php?rest_route=\/wp\/v2\/media\/17527"}],"wp:attachment":[{"href":"https:\/\/agromt.news\/index.php?rest_route=%2Fwp%2Fv2%2Fmedia&parent=17526"}],"wp:term":[{"taxonomy":"category","embeddable":true,"href":"https:\/\/agromt.news\/index.php?rest_route=%2Fwp%2Fv2%2Fcategories&post=17526"},{"taxonomy":"post_tag","embeddable":true,"href":"https:\/\/agromt.news\/index.php?rest_route=%2Fwp%2Fv2%2Ftags&post=17526"}],"curies":[{"name":"wp","href":"https:\/\/api.w.org\/{rel}","templated":true}]}}