{"id":17525,"date":"2025-07-28T06:26:10","date_gmt":"2025-07-28T10:26:10","guid":{"rendered":"https:\/\/agromt.news\/?p=17525"},"modified":"2025-07-28T06:26:10","modified_gmt":"2025-07-28T10:26:10","slug":"semana-e-decisiva-para-economia-brasileira-ouca-analise-do-diario-economico","status":"publish","type":"post","link":"https:\/\/agromt.news\/?p=17525","title":{"rendered":"semana \u00e9 decisiva para economia brasileira; ou\u00e7a an\u00e1lise do Di\u00e1rio Econ\u00f4mico"},"content":{"rendered":"<p> <br \/>\n<\/p>\n<div>\n<p>No morning call de hoje, a economista-chefe do PicPay, Ariane Benedito, destaca o otimismo nos mercados globais com balan\u00e7os positivos nos Estados Unidos e expectativas de corte de juros pelo Fed, mesmo com sinais de fraqueza na atividade. O d\u00f3lar recuou e o Ibovespa avan\u00e7ou levemente, com o real em alta e juros est\u00e1veis. O IPCA-15 subiu 0,33% em julho, com servi\u00e7os pressionando, enquanto alimentos recuaram. <\/p>\n<p>No exterior, PIB dos EUA e infla\u00e7\u00e3o s\u00e3o os destaques da semana; no Brasil, aten\u00e7\u00e3o \u00e0 decis\u00e3o do Copom, desemprego, produ\u00e7\u00e3o industrial e negocia\u00e7\u00f5es tarif\u00e1rias com os EUA.<\/p>\n<p><iframe title=\"Tarifa\u00e7o de Trump: semana \u00e9 decisiva para economia brasileira | Di\u00e1rio Econ\u00f4mico\" width=\"800\" height=\"450\" src=\"https:\/\/www.youtube.com\/embed\/UG3W_9foG7Q?feature=oembed\" frameborder=\"0\" allow=\"accelerometer; autoplay; clipboard-write; encrypted-media; gyroscope; picture-in-picture; web-share\" referrerpolicy=\"strict-origin-when-cross-origin\" allowfullscreen><\/iframe><noscript><iframe title=\"Tarifa\u00e7o de Trump: semana \u00e9 decisiva para economia brasileira | Di\u00e1rio Econ\u00f4mico\" width=\"800\" height=\"450\" src=\"https:\/\/www.youtube.com\/embed\/UG3W_9foG7Q?feature=oembed\" frameborder=\"0\" allow=\"accelerometer; autoplay; clipboard-write; encrypted-media; gyroscope; picture-in-picture; web-share\" referrerpolicy=\"strict-origin-when-cross-origin\" allowfullscreen><\/iframe><\/noscript><\/p>\n<\/div>\n<div>\n<p>Ou\u00e7a o\u00a0<strong><a href=\"http:\/\/www.canalrural.com.br\/tag\/diario-economico\/\">Di\u00e1rio Econ\u00f4mico<\/a><\/strong>, o podcast do PicPay que traz tudo que voc\u00ea precisa saber sobre economia para come\u00e7ar o seu dia, com base nas principais not\u00edcias que impactam o mercado financeiro.<\/p>\n<p>Para mais conte\u00fados de <a href=\"https:\/\/www.bomdiamercado.com.br\/mercado-financeiro\/\">mercado financeiro<\/a>, acesse: <a href=\"https:\/\/www.bomdiamercado.com.br\/\">Bom Dia Mercado<\/a>!<\/p>\n<figure class=\"wp-block-image size-large\"><img fetchpriority=\"high\" fetchpriority=\"high\" decoding=\"async\" width=\"1024\" height=\"576\" src=\"https:\/\/agromt.news\/wp-content\/uploads\/2025\/02\/Mercado-segue-atento-a-Trump-e-ha-risco-de-inflacao.jpeg\" alt=\"Ariane Benedito, apresentadora do podcast Di\u00e1rio Econ\u00f4mico\" class=\"wp-image-4078300\"  \/><figcaption class=\"wp-element-caption\">Foto: divulga\u00e7\u00e3o<\/figcaption><\/figure>\n<\/p><\/div>\n<p><br \/>\n<br \/><a href=\"https:\/\/www.canalrural.com.br\/economia\/tarifaco-de-trump-semana-e-decisiva-para-economia-brasileira-ouca-analise-do-diario-economico\/\">Source link <\/a><\/p>\n","protected":false},"excerpt":{"rendered":"<p>No morning call de hoje, a economista-chefe do PicPay, Ariane Benedito, destaca o otimismo nos mercados globais com balan\u00e7os positivos<\/p>\n","protected":false},"author":1,"featured_media":9860,"comment_status":"open","ping_status":"open","sticky":false,"template":"","format":"standard","meta":{"_monsterinsights_skip_tracking":false,"_monsterinsights_sitenote_active":false,"_monsterinsights_sitenote_note":"","_monsterinsights_sitenote_category":0,"_uf_show_specific_survey":0,"_uf_disable_surveys":false,"footnotes":""},"categories":[1],"tags":[],"class_list":["post-17525","post","type-post","status-publish","format-standard","has-post-thumbnail","hentry","category-news"],"_links":{"self":[{"href":"https:\/\/agromt.news\/index.php?rest_route=\/wp\/v2\/posts\/17525"}],"collection":[{"href":"https:\/\/agromt.news\/index.php?rest_route=\/wp\/v2\/posts"}],"about":[{"href":"https:\/\/agromt.news\/index.php?rest_route=\/wp\/v2\/types\/post"}],"author":[{"embeddable":true,"href":"https:\/\/agromt.news\/index.php?rest_route=\/wp\/v2\/users\/1"}],"replies":[{"embeddable":true,"href":"https:\/\/agromt.news\/index.php?rest_route=%2Fwp%2Fv2%2Fcomments&post=17525"}],"version-history":[{"count":0,"href":"https:\/\/agromt.news\/index.php?rest_route=\/wp\/v2\/posts\/17525\/revisions"}],"wp:featuredmedia":[{"embeddable":true,"href":"https:\/\/agromt.news\/index.php?rest_route=\/wp\/v2\/media\/9860"}],"wp:attachment":[{"href":"https:\/\/agromt.news\/index.php?rest_route=%2Fwp%2Fv2%2Fmedia&parent=17525"}],"wp:term":[{"taxonomy":"category","embeddable":true,"href":"https:\/\/agromt.news\/index.php?rest_route=%2Fwp%2Fv2%2Fcategories&post=17525"},{"taxonomy":"post_tag","embeddable":true,"href":"https:\/\/agromt.news\/index.php?rest_route=%2Fwp%2Fv2%2Ftags&post=17525"}],"curies":[{"name":"wp","href":"https:\/\/api.w.org\/{rel}","templated":true}]}}