{"id":17523,"date":"2025-07-28T04:01:08","date_gmt":"2025-07-28T08:01:08","guid":{"rendered":"https:\/\/agromt.news\/?p=17523"},"modified":"2025-07-28T04:01:08","modified_gmt":"2025-07-28T08:01:08","slug":"o-brasil-que-nasce-do-campo","status":"publish","type":"post","link":"https:\/\/agromt.news\/?p=17523","title":{"rendered":"o Brasil que nasce do campo"},"content":{"rendered":"<p> <br \/>\n<\/p>\n<div>\n<p style=\"text-align:justify\">Neste 28 de julho, o Brasil celebra o Dia do Agricultor, uma data que homenageia homens e mulheres que fazem da terra sua miss\u00e3o de vida. Criada em 1960, em refer\u00eancia ao centen\u00e1rio do Minist\u00e9rio da Agricultura, a data marca o reconhecimento a uma das atividades mais antigas e essenciais da humanidade: o cultivo da terra.&#13;\n<\/p>\n<p style=\"text-align:justify\">Ao longo dos s\u00e9culos, a agricultura moldou o pa\u00eds. Come\u00e7ou com a extra\u00e7\u00e3o do pau-brasil, passou pelos engenhos de cana-de-a\u00e7\u00facar e pelo ciclo do caf\u00e9, at\u00e9 alcan\u00e7ar os mais modernos sistemas de produ\u00e7\u00e3o. O que era feito com o carro de boi, hoje evoluiu para tratores inteligentes, sementes geneticamente aprimoradas, conectividade no campo e t\u00e9cnicas sustent\u00e1veis como o plantio direto e os sistemas integrados de produ\u00e7\u00e3o.<\/p>\n<p style=\"text-align:justify\">Mais do que inova\u00e7\u00e3o, a agricultura \u00e9 resist\u00eancia. No campo, o dia come\u00e7a cedo, com sol forte ou chuva pesada, enfrentando estradas dif\u00edceis, custos elevados e pol\u00edticas p\u00fablicas ainda distantes da realidade rural. Mesmo assim, os agricultores seguem firmes, cultivando com esperan\u00e7a, muitas vezes alimentada pela frase que ecoa entre safras: \u201co ano que vem vai ser melhor\u201d.<\/p>\n<p style=\"text-align:justify\">Cada alimento que chega \u00e0 mesa carrega o esfor\u00e7o de quem planta, colhe, cuida. O p\u00e3o com manteiga do caf\u00e9 da manh\u00e3, o arroz com feij\u00e3o do almo\u00e7o, a fruta do lanche, o jantar variado \u2014 tudo nasce no campo. E, por tr\u00e1s de cada refei\u00e7\u00e3o, h\u00e1 o trabalho invis\u00edvel, mas indispens\u00e1vel, de um agricultor.&#13;\n<\/p>\n<p style=\"text-align:justify\">Apesar de sua import\u00e2ncia, o reconhecimento nem sempre acompanha a dedica\u00e7\u00e3o. Muitos produtores enfrentam pre\u00e7os baixos, falta de apoio t\u00e9cnico, cr\u00e9dito escasso e pol\u00edticas agr\u00edcolas fr\u00e1geis. Em pa\u00edses desenvolvidos, a agricultura \u00e9 amplamente subsidiada, garantindo renda m\u00ednima e estabilidade ao setor. No Brasil, o produtor muitas vezes n\u00e3o cobre os custos da produ\u00e7\u00e3o, o que gera instabilidade de pre\u00e7os e inseguran\u00e7a para quem vive do campo.<\/p>\n<p style=\"text-align:justify\">A cria\u00e7\u00e3o de pol\u00edticas mais eficientes, com controle de safras, incentivos em \u00e9pocas adequadas e equil\u00edbrio entre oferta e demanda, poderia beneficiar toda a cadeia produtiva. Um fundo agr\u00edcola nacional, abastecido com recursos da exporta\u00e7\u00e3o e importa\u00e7\u00e3o, tamb\u00e9m ajudaria a tornar o sistema mais justo para produtores e consumidores.<\/p>\n<p style=\"text-align:justify\">O Dia do Agricultor \u00e9, portanto, uma oportunidade n\u00e3o apenas de celebrar, mas de refletir. \u00c9 preciso olhar para o campo com mais aten\u00e7\u00e3o, ouvir quem est\u00e1 na lida di\u00e1ria com a terra e construir um futuro mais equilibrado e digno para quem garante o alimento de cada brasileiro.&#13;\n<\/p>\n<p style=\"text-align:justify\">Reconhecer o agricultor \u00e9 valorizar o Brasil que nasce todos os dias no campo.<\/p>\n<\/p><\/div>\n<p><script data-cfasync=\"false\">\n    !function (f, b, e, v, n, t, s) {\n        if (f.fbq) return; n = f.fbq = function () {\n            n.callMethod ?\n                n.callMethod.apply(n, arguments) : n.queue.push(arguments)\n        };\n        if (!f._fbq) f._fbq = n; n.push = n; n.loaded = !0; n.version = '2.0';\n        n.queue = []; t = b.createElement(e); t.async = !0;\n        t.src = v; s = b.getElementsByTagName(e)[0];\n        s.parentNode.insertBefore(t, s)\n    }(window, document, 'script',\n        'https:\/\/connect.facebook.net\/en_US\/fbevents.js');\n    fbq('init', '522546078623747');\n    fbq('track', 'PageView');\n<\/script><br \/>\n<br \/><br \/>\n<br \/><a href=\"https:\/\/www.agrolink.com.br\/noticias\/dia-do-agricultor--o-brasil-que-nasce-do-campo_504350.html\">Source link <\/a><\/p>\n","protected":false},"excerpt":{"rendered":"<p>Neste 28 de julho, o Brasil celebra o Dia do Agricultor, uma data que homenageia homens e mulheres que fazem<\/p>\n","protected":false},"author":1,"featured_media":8448,"comment_status":"open","ping_status":"open","sticky":false,"template":"","format":"standard","meta":{"_monsterinsights_skip_tracking":false,"_monsterinsights_sitenote_active":false,"_monsterinsights_sitenote_note":"","_monsterinsights_sitenote_category":0,"_uf_show_specific_survey":0,"_uf_disable_surveys":false,"footnotes":""},"categories":[8,1,14],"tags":[],"class_list":["post-17523","post","type-post","status-publish","format-standard","has-post-thumbnail","hentry","category-agro","category-news","category-politica-agro"],"_links":{"self":[{"href":"https:\/\/agromt.news\/index.php?rest_route=\/wp\/v2\/posts\/17523"}],"collection":[{"href":"https:\/\/agromt.news\/index.php?rest_route=\/wp\/v2\/posts"}],"about":[{"href":"https:\/\/agromt.news\/index.php?rest_route=\/wp\/v2\/types\/post"}],"author":[{"embeddable":true,"href":"https:\/\/agromt.news\/index.php?rest_route=\/wp\/v2\/users\/1"}],"replies":[{"embeddable":true,"href":"https:\/\/agromt.news\/index.php?rest_route=%2Fwp%2Fv2%2Fcomments&post=17523"}],"version-history":[{"count":0,"href":"https:\/\/agromt.news\/index.php?rest_route=\/wp\/v2\/posts\/17523\/revisions"}],"wp:featuredmedia":[{"embeddable":true,"href":"https:\/\/agromt.news\/index.php?rest_route=\/wp\/v2\/media\/8448"}],"wp:attachment":[{"href":"https:\/\/agromt.news\/index.php?rest_route=%2Fwp%2Fv2%2Fmedia&parent=17523"}],"wp:term":[{"taxonomy":"category","embeddable":true,"href":"https:\/\/agromt.news\/index.php?rest_route=%2Fwp%2Fv2%2Fcategories&post=17523"},{"taxonomy":"post_tag","embeddable":true,"href":"https:\/\/agromt.news\/index.php?rest_route=%2Fwp%2Fv2%2Ftags&post=17523"}],"curies":[{"name":"wp","href":"https:\/\/api.w.org\/{rel}","templated":true}]}}