{"id":17521,"date":"2025-07-28T02:26:13","date_gmt":"2025-07-28T06:26:13","guid":{"rendered":"https:\/\/agromt.news\/?p=17521"},"modified":"2025-07-28T02:26:13","modified_gmt":"2025-07-28T06:26:13","slug":"trigo-cepea-clima-deixa-produtores-em-alerta","status":"publish","type":"post","link":"https:\/\/agromt.news\/?p=17521","title":{"rendered":"Trigo\/Cepea: Clima deixa produtores em alerta"},"content":{"rendered":"<p> <br \/>\n<\/p>\n<div>\n<p>Fortes chuvas no RS atrapalharam os trabalhos de campo<\/p>\n<div class=\"materia\">\n<p>Chuvas intensas registradas no Sul do Brasil na semana passada, em especial no Rio Grande do Sul, e geadas em \u00e1reas do Centro-Sul do Pa\u00eds deixaram produtores de trigo em alerta, apontam levantamentos do Cepea. Segundo o Centro de Pesquisas, por um lado, o clima mais frio favorece o desenvolvimento das lavouras, mas as fortes chuvas no RS atrapalharam os trabalhos de campo e implicaram at\u00e9 em perdas em algumas lavouras, que necessitar\u00e3o ser replantadas. Dados da Conab indicam que, at\u00e9 21 de junho, 56,6% da \u00e1rea estimada havia sido semeada no Brasil. A Companhia tamb\u00e9m indicou os in\u00edcios da semeadura em Santa Catarina e da colheita da safra de 2025 em Goi\u00e1s.<\/p>\n<\/p><\/div>\n<div class=\"grupo-whatsapp\">\n      J\u00e1 segue nosso Canal oficial no WhatsApp? <a href=\"https:\/\/bit.ly\/Canal_NA\" target=\"_blank\" rel=\"noopener\"><strong>Clique Aqui<\/strong><\/a> para receber em primeira m\u00e3o as principais not\u00edcias do agroneg\u00f3cio\n    <\/div>\n<\/p><\/div>\n<p><script async defer src=\"https:\/\/connect.facebook.net\/en_US\/sdk.js\"><\/script><script>\n  !function(f,b,e,v,n,t,s)\n  {if(f.fbq)return;n=f.fbq=function(){n.callMethod?\n    n.callMethod.apply(n,arguments):n.queue.push(arguments)};\n    if(!f._fbq)f._fbq=n;n.push=n;n.loaded=!0;n.version='2.0';\n    n.queue=[];t=b.createElement(e);t.async=!0;\n    t.src=v;s=b.getElementsByTagName(e)[0];\n    s.parentNode.insertBefore(t,s)}(window, document,'script',\n    'https:\/\/connect.facebook.net\/en_US\/fbevents.js');\n  fbq('init', '153495679422335');\n  fbq('track', 'PageView');\n<\/script><br \/>\n<br \/><br \/>\n<br \/><a href=\"https:\/\/www.noticiasagricolas.com.br\/noticias\/trigo\/403241-trigo-cepea-clima-deixa-produtores-em-alerta.html\">Source link <\/a><\/p>\n","protected":false},"excerpt":{"rendered":"<p>Fortes chuvas no RS atrapalharam os trabalhos de campo Chuvas intensas registradas no Sul do Brasil na semana passada, em<\/p>\n","protected":false},"author":1,"featured_media":17522,"comment_status":"open","ping_status":"open","sticky":false,"template":"","format":"standard","meta":{"_monsterinsights_skip_tracking":false,"_monsterinsights_sitenote_active":false,"_monsterinsights_sitenote_note":"","_monsterinsights_sitenote_category":0,"_uf_show_specific_survey":0,"_uf_disable_surveys":false,"footnotes":""},"categories":[8,1,14,16],"tags":[],"class_list":["post-17521","post","type-post","status-publish","format-standard","has-post-thumbnail","hentry","category-agro","category-news","category-politica-agro","category-safra"],"_links":{"self":[{"href":"https:\/\/agromt.news\/index.php?rest_route=\/wp\/v2\/posts\/17521"}],"collection":[{"href":"https:\/\/agromt.news\/index.php?rest_route=\/wp\/v2\/posts"}],"about":[{"href":"https:\/\/agromt.news\/index.php?rest_route=\/wp\/v2\/types\/post"}],"author":[{"embeddable":true,"href":"https:\/\/agromt.news\/index.php?rest_route=\/wp\/v2\/users\/1"}],"replies":[{"embeddable":true,"href":"https:\/\/agromt.news\/index.php?rest_route=%2Fwp%2Fv2%2Fcomments&post=17521"}],"version-history":[{"count":0,"href":"https:\/\/agromt.news\/index.php?rest_route=\/wp\/v2\/posts\/17521\/revisions"}],"wp:featuredmedia":[{"embeddable":true,"href":"https:\/\/agromt.news\/index.php?rest_route=\/wp\/v2\/media\/17522"}],"wp:attachment":[{"href":"https:\/\/agromt.news\/index.php?rest_route=%2Fwp%2Fv2%2Fmedia&parent=17521"}],"wp:term":[{"taxonomy":"category","embeddable":true,"href":"https:\/\/agromt.news\/index.php?rest_route=%2Fwp%2Fv2%2Fcategories&post=17521"},{"taxonomy":"post_tag","embeddable":true,"href":"https:\/\/agromt.news\/index.php?rest_route=%2Fwp%2Fv2%2Ftags&post=17521"}],"curies":[{"name":"wp","href":"https:\/\/api.w.org\/{rel}","templated":true}]}}