{"id":17517,"date":"2025-07-27T16:49:05","date_gmt":"2025-07-27T20:49:05","guid":{"rendered":"https:\/\/agromt.news\/?p=17517"},"modified":"2025-07-27T16:49:05","modified_gmt":"2025-07-27T20:49:05","slug":"ultima-semana-de-julho-comecara-com-pancadas-de-chuva-ventos-fortes-e-tempo-seco-pelo-brasil","status":"publish","type":"post","link":"https:\/\/agromt.news\/?p=17517","title":{"rendered":"\u00daltima semana de julho come\u00e7ar\u00e1 com pancadas de chuva, ventos fortes e tempo seco pelo Brasil"},"content":{"rendered":"<p> <br \/>\n<br \/><img decoding=\"async\" src=\"https:\/\/agromt.news\/wp-content\/uploads\/2025\/05\/Estado-recebe-alerta-de-perigo-para-chuva-de-100-mm.jpg\" \/><\/p>\n<div>\n<p>No in\u00edcio desta semana, uma <a href=\"https:\/\/www.canalrural.com.br\/tempo\/ciclone-frente-fria-e-chuva-neste-fim-de-semana-veja-onde\/\">frente fria associada a um ciclone extratropical<\/a> atua no Sul do Brasil, o que mant\u00e9m o tempo inst\u00e1vel nos tr\u00eas estados da regi\u00e3o. A nebulosidade \u00e9 densa, com pancadas de chuva de intensidade moderada a forte, especialmente no leste ga\u00facho e no sudeste catarinense, onde a precipita\u00e7\u00e3o se concentra entre a madrugada e a manh\u00e3.<\/p>\n<div data-icp-cta=\"1\" id=\"icp-cta-unique\">Voc\u00ea quer entender como usar o clima a seu favor?<b> <\/b><a href=\"https:\/\/climacampo.canalrural.com.br\/climacampo_-01\">Preparamos um e-book exclusivo<\/a> para ajudar produtores rurais a se antecipar \u00e0s mudan\u00e7as do tempo e planejar melhor suas a\u00e7\u00f5es. Com base em previs\u00f5es meteorol\u00f3gicas confi\u00e1veis, ele oferece orienta\u00e7\u00f5es pr\u00e1ticas para proteger sua lavoura e otimizar seus resultados.<\/div>\n<p>Os ventos ganham destaque com rajadas que variam de 51 a 70 km\/h no centro-leste do Rio Grande do Sul e podem chegar a 90 km\/h no litoral norte do estado, no Paran\u00e1 e em Santa Catarina, chegando a superar 91 km\/h em pontos do litoral ga\u00facho.<\/p>\n<h2 class=\"wp-block-heading\" id=\"h-o-tempo-no-sudeste\">O tempo no Sudeste<\/h2>\n<p>Segundo a Climatempo, no Sudeste, a previs\u00e3o indica chuva isolada no centro-sul do estado de S\u00e3o Paulo, incluindo a capital, e no sul de Minas Gerais. <\/p>\n<p>J\u00e1 no Rio de Janeiro, Esp\u00edrito Santo e grande parte de Minas, o tempo permanece firme, com c\u00e9u claro e baixa umidade, especialmente no interior e no Tri\u00e2ngulo Mineiro, onde os \u00edndices podem cair abaixo dos 30% durante a tarde.<\/p>\n<\/div>\n<div>\n<h2 class=\"wp-block-heading\" id=\"h-centro-oeste-tem-previsao-de-temporais\">Centro-Oeste tem previs\u00e3o de temporais <\/h2>\n<p>No Centro-Oeste, as pancadas de chuva devem ocorrer principalmente no centro-sul do Mato Grosso do Sul, com possibilidade de temporais na regi\u00e3o central do estado, incluindo Campo Grande. <\/p>\n<p>Nas demais \u00e1reas do Mato Grosso do Sul, Goi\u00e1s, Distrito Federal e Mato Grosso, predomina o tempo seco, ensolarado e com umidade relativa do ar entre 12% e 20% nos hor\u00e1rios mais quentes.<\/p>\n<h2 class=\"wp-block-heading\" id=\"h-nordeste\">Nordeste<\/h2>\n<p>A Regi\u00e3o Nordeste registra tempo inst\u00e1vel devido \u00e0 infiltra\u00e7\u00e3o mar\u00edtima, com chuvas moderadas entre Sergipe e Cear\u00e1 e risco de temporais ao longo do litoral, entre Macei\u00f3 e Recife. <\/p>\n<p>O interior nordestino, contudo, segue com tempo firme e baixa umidade, especialmente em \u00e1reas do Piau\u00ed, sul do Maranh\u00e3o e oeste da Bahia.<\/p>\n<h2 class=\"wp-block-heading\" id=\"h-pancadas-de-chuva-e-tempo-seco-no-norte\">Pancadas de chuva e tempo seco no Norte<\/h2>\n<p>No Norte do pa\u00eds, pancadas de chuva s\u00e3o esperadas no Acre, Amazonas, Roraima e norte de Rond\u00f4nia, enquanto Par\u00e1, Amap\u00e1 e Tocantins permanecem com c\u00e9u claro e clima seco. Palmas, capital do Tocantins, mant\u00e9m alerta para n\u00edveis cr\u00edticos de umidade, que podem variar entre 12% e 20%.<\/p>\n<\/p><\/div>\n<p><br \/>\n<br \/><a href=\"https:\/\/www.canalrural.com.br\/tempo\/ultima-semana-de-julho-comecara-com-pancadas-de-chuva-ventos-fortes-e-tempo-seco-pelo-brasil\/\">Source link <\/a><\/p>\n","protected":false},"excerpt":{"rendered":"<p>No in\u00edcio desta semana, uma frente fria associada a um ciclone extratropical atua no Sul do Brasil, o que mant\u00e9m<\/p>\n","protected":false},"author":1,"featured_media":13933,"comment_status":"open","ping_status":"open","sticky":false,"template":"","format":"standard","meta":{"_monsterinsights_skip_tracking":false,"_monsterinsights_sitenote_active":false,"_monsterinsights_sitenote_note":"","_monsterinsights_sitenote_category":0,"_uf_show_specific_survey":0,"_uf_disable_surveys":false,"footnotes":""},"categories":[1],"tags":[],"class_list":["post-17517","post","type-post","status-publish","format-standard","has-post-thumbnail","hentry","category-news"],"_links":{"self":[{"href":"https:\/\/agromt.news\/index.php?rest_route=\/wp\/v2\/posts\/17517"}],"collection":[{"href":"https:\/\/agromt.news\/index.php?rest_route=\/wp\/v2\/posts"}],"about":[{"href":"https:\/\/agromt.news\/index.php?rest_route=\/wp\/v2\/types\/post"}],"author":[{"embeddable":true,"href":"https:\/\/agromt.news\/index.php?rest_route=\/wp\/v2\/users\/1"}],"replies":[{"embeddable":true,"href":"https:\/\/agromt.news\/index.php?rest_route=%2Fwp%2Fv2%2Fcomments&post=17517"}],"version-history":[{"count":0,"href":"https:\/\/agromt.news\/index.php?rest_route=\/wp\/v2\/posts\/17517\/revisions"}],"wp:featuredmedia":[{"embeddable":true,"href":"https:\/\/agromt.news\/index.php?rest_route=\/wp\/v2\/media\/13933"}],"wp:attachment":[{"href":"https:\/\/agromt.news\/index.php?rest_route=%2Fwp%2Fv2%2Fmedia&parent=17517"}],"wp:term":[{"taxonomy":"category","embeddable":true,"href":"https:\/\/agromt.news\/index.php?rest_route=%2Fwp%2Fv2%2Fcategories&post=17517"},{"taxonomy":"post_tag","embeddable":true,"href":"https:\/\/agromt.news\/index.php?rest_route=%2Fwp%2Fv2%2Ftags&post=17517"}],"curies":[{"name":"wp","href":"https:\/\/api.w.org\/{rel}","templated":true}]}}