{"id":17516,"date":"2025-07-27T16:34:25","date_gmt":"2025-07-27T20:34:25","guid":{"rendered":"https:\/\/agromt.news\/?p=17516"},"modified":"2025-07-27T16:34:25","modified_gmt":"2025-07-27T20:34:25","slug":"eua-e-uniao-europeia-fecham-acordo-tarifario","status":"publish","type":"post","link":"https:\/\/agromt.news\/?p=17516","title":{"rendered":"EUA e Uni\u00e3o Europeia fecham acordo tarif\u00e1rio"},"content":{"rendered":"<p> <br \/>\n<br \/><img decoding=\"async\" src=\"https:\/\/agromt.news\/wp-content\/uploads\/2025\/04\/Trump-acusa-China-de-renegar-acordo-com-fazendeiros.jpg\" \/><\/p>\n<div>\n<p>O <a href=\"https:\/\/www.canalrural.com.br\/?s=tarifa%C3%A7o\">presidente <\/a>dos Estados Unidos, Donald Trump, anunciou, neste domingo (27), um acordo tarif\u00e1rio com a presidente da Comiss\u00e3o Europeia, Ursula von der Leyen. A medida estabelece uma tarifa padr\u00e3o de 15% sobre importa\u00e7\u00f5es entre os dois blocos, em substitui\u00e7\u00e3o \u00e0 tarifa de 30% que entraria em vigor a partir de 1\u00ba de agosto. O an\u00fancio foi feito ap\u00f3s uma reuni\u00e3o em Turnberry, na Esc\u00f3cia, e busca conter os impactos do chamado \u201ctarifa\u00e7o\u201d que vem provocando tens\u00e3o entre parceiros comerciais.<\/p>\n<p>O entendimento tamb\u00e9m prev\u00ea que a Uni\u00e3o Europeia compre US$ 750 bilh\u00f5es em energia dos EUA, al\u00e9m de elevar em US$ 600 bilh\u00f5es seus investimentos em equipamentos militares e na abertura de mercados para com\u00e9rcio com tarifa zero. Segundo Trump, a estrutura do pacto tenta reduzir um dos \u201cmaiores d\u00e9ficits comerciais do mundo\u201d e ser\u00e1 implementada de forma progressiva a partir do pr\u00f3ximo m\u00eas.<\/p>\n<p>Apesar do avan\u00e7o nas negocia\u00e7\u00f5es com a UE, Trump confirmou que outros pa\u00edses que n\u00e3o chegaram a um acordo at\u00e9 1\u00ba de agosto enfrentar\u00e3o novas tarifas, com exce\u00e7\u00e3o dos setores de a\u00e7o e alum\u00ednio, que continuar\u00e3o com a taxa elevada de 50%. O presidente deixou claro que n\u00e3o haver\u00e1 novas extens\u00f5es nos prazos para os parceiros que ainda tentam negociar.<\/p>\n<\/div>\n<div>\n<p>Durante a coletiva conjunta, Ursula von der Leyen reconheceu a firmeza de Trump nas negocia\u00e7\u00f5es e destacou que o novo acordo representa um passo importante para \u201cmodernizar as rela\u00e7\u00f5es comerciais transatl\u00e2nticas\u201d. A l\u00edder europeia tamb\u00e9m sinalizou disposi\u00e7\u00e3o para seguir avan\u00e7ando em \u00e1reas estrat\u00e9gicas como seguran\u00e7a energ\u00e9tica e inova\u00e7\u00e3o tecnol\u00f3gica.<\/p>\n<p>Mais cedo, o secret\u00e1rio de Com\u00e9rcio norte-americano, Howard Lutnick, j\u00e1 havia alertado que n\u00e3o haveria mais prorroga\u00e7\u00f5es nas negocia\u00e7\u00f5es com outros pa\u00edses. \u201cEm 1\u00ba de agosto, as tarifas ser\u00e3o aplicadas. As grandes economias ainda podem negociar, mas os termos j\u00e1 est\u00e3o definidos\u201d, disse. <\/p>\n<p>Com informa\u00e7\u00f5es da CNN Brasil.<\/p>\n<\/p><\/div>\n<p><br \/>\n<br \/><a href=\"https:\/\/www.canalrural.com.br\/internacional\/eua-e-uniao-europeia-fecham-acordo-tarifario\/\">Source link <\/a><\/p>\n","protected":false},"excerpt":{"rendered":"<p>O presidente dos Estados Unidos, Donald Trump, anunciou, neste domingo (27), um acordo tarif\u00e1rio com a presidente da Comiss\u00e3o Europeia,<\/p>\n","protected":false},"author":1,"featured_media":12421,"comment_status":"open","ping_status":"open","sticky":false,"template":"","format":"standard","meta":{"_monsterinsights_skip_tracking":false,"_monsterinsights_sitenote_active":false,"_monsterinsights_sitenote_note":"","_monsterinsights_sitenote_category":0,"_uf_show_specific_survey":0,"_uf_disable_surveys":false,"footnotes":""},"categories":[1],"tags":[],"class_list":["post-17516","post","type-post","status-publish","format-standard","has-post-thumbnail","hentry","category-news"],"_links":{"self":[{"href":"https:\/\/agromt.news\/index.php?rest_route=\/wp\/v2\/posts\/17516"}],"collection":[{"href":"https:\/\/agromt.news\/index.php?rest_route=\/wp\/v2\/posts"}],"about":[{"href":"https:\/\/agromt.news\/index.php?rest_route=\/wp\/v2\/types\/post"}],"author":[{"embeddable":true,"href":"https:\/\/agromt.news\/index.php?rest_route=\/wp\/v2\/users\/1"}],"replies":[{"embeddable":true,"href":"https:\/\/agromt.news\/index.php?rest_route=%2Fwp%2Fv2%2Fcomments&post=17516"}],"version-history":[{"count":0,"href":"https:\/\/agromt.news\/index.php?rest_route=\/wp\/v2\/posts\/17516\/revisions"}],"wp:featuredmedia":[{"embeddable":true,"href":"https:\/\/agromt.news\/index.php?rest_route=\/wp\/v2\/media\/12421"}],"wp:attachment":[{"href":"https:\/\/agromt.news\/index.php?rest_route=%2Fwp%2Fv2%2Fmedia&parent=17516"}],"wp:term":[{"taxonomy":"category","embeddable":true,"href":"https:\/\/agromt.news\/index.php?rest_route=%2Fwp%2Fv2%2Fcategories&post=17516"},{"taxonomy":"post_tag","embeddable":true,"href":"https:\/\/agromt.news\/index.php?rest_route=%2Fwp%2Fv2%2Ftags&post=17516"}],"curies":[{"name":"wp","href":"https:\/\/api.w.org\/{rel}","templated":true}]}}