{"id":17515,"date":"2025-07-27T16:20:58","date_gmt":"2025-07-27T20:20:58","guid":{"rendered":"https:\/\/agromt.news\/?p=17515"},"modified":"2025-07-27T16:20:58","modified_gmt":"2025-07-27T20:20:58","slug":"sucessao-no-campo-pode-redefinir-o-mercado-de-terras","status":"publish","type":"post","link":"https:\/\/agromt.news\/?p=17515","title":{"rendered":"Sucess\u00e3o no campo pode redefinir o mercado de terras"},"content":{"rendered":"<p> <br \/>\n<\/p>\n<div>\n<div class=\"row\">\n<div class=\"col-lg col-infos mt-0 mt-lg-0\">\n<div class=\"section-sub-title\">\n<p itemprop=\"description\">&#13;<br \/>\n                                \u201cO Brasil entrou definitivamente na era da sucess\u00e3o patrimonial&#8221;&#13;\n                            <\/p>\n<\/p><\/div>\n<div class=\"container\">\n<div class=\"row\">\n<div class=\"col-lg p-0\">\n<div>\n<div class=\"block-news-main-infos mt-3 text-start\">\n<p>                                            <strong class=\"fn\" itemprop=\"author\" style=\"color: rgb(112, 112, 112); \">&#13;<br \/>\n                                                <a href=\"https:\/\/www.agrolink.com.br\/noticias\/javascript:;\" class=\"text-uppercase\" target=\"_blank\" style=\"color: rgb(112, 112, 112); \" rel=\"noopener\">Agrolink<\/a>&#13;<br \/>\n&#13;<br \/>\n                                                    &#8211; Leonardo Gottems&#13;<br \/>\n&#13;<br \/>\n                                            <\/strong><br \/>\n                                        <\/p>\n<p>                                            <abbr><time datetime=\"2025-07-26T07:17\" itemprop=\"datePublished dateModified\">Publicado em 26\/07\/2025 \u00e0s 07:17h.<\/time><\/abbr><br \/>\n                                            <\/p><\/div>\n<\/p><\/div>\n<\/p><\/div>\n<div class=\"col-lg p-0 text-lg-end\">\n<div>\n<div id=\"mdEnviarPagina\" class=\"modal fade\" role=\"dialog\">\n<div class=\"modal-dialog\">\n<div class=\"modal-content\">\n<div class=\"modal-body\">\n<p><strong>Estimado usu\u00e1rio.<\/strong><br \/>Preencha o formul\u00e1rio abaixo para remeter a p\u00e1gina.<\/p>\n<\/p><\/div>\n<\/p><\/div>\n<\/p><\/div>\n<\/div><\/div>\n<\/p><\/div>\n<\/p><\/div>\n<\/p><\/div>\n<\/p><\/div>\n<\/p><\/div>\n<div class=\"row justify-content-md-center mt-3\">\n<div class=\"col-lg-auto col-image block-news-main-image\">\n<p>                                <img decoding=\"async\" src=\"https:\/\/www.agrolink.com.br\/upload\/imagens-resizes\/17d018c2a3594773baa3c49f3f1908a9_858x483.jpg\" class=\"lazyload img-fluid\" alt=\"\u201cO Brasil entrou definitivamente na era da sucess\u00e3o patrimonial&quot;\"\/><br \/>\n                                                <span class=\"d-block mt-1\">\u201cO Brasil entrou definitivamente na era da sucess\u00e3o patrimonial&#8221; &#8211; Foto: Divulga\u00e7\u00e3o <\/span><\/p><\/div>\n<\/p><\/div>\n<div class=\"section-description section-description-noticias mt-3\">\n<p>A transi\u00e7\u00e3o geracional no agroneg\u00f3cio brasileiro est\u00e1 se tornando um fator decisivo na din\u00e2mica do mercado de terras. Segundo estimativas, mais de US\\$ 9 trilh\u00f5es em ativos devem ser transferidos no Brasil at\u00e9 2040, principalmente ligados ao setor agropecu\u00e1rio. Esse fen\u00f4meno global, conhecido como grande sucess\u00e3o intergeracional, exige planejamento para evitar fragmenta\u00e7\u00e3o patrimonial, perda de produtividade e venda for\u00e7ada de propriedades para quita\u00e7\u00e3o de tributos.&#13;\n<\/p>\n<p>O desafio vai al\u00e9m da esfera familiar. Sem sucess\u00e3o estruturada, muitas propriedades podem ser liquidadas por falta de herdeiros interessados ou preparados, pressionando o mercado fundi\u00e1rio com excesso de oferta em regi\u00f5es de menor liquidez. Por outro lado, ativos com sucess\u00e3o bem resolvida, estrutura jur\u00eddica organizada e gest\u00e3o profissional tendem a ganhar valor, sendo vistos como oportunidades estrat\u00e9gicas por fundos, empresas e investidores institucionais.<\/p>\n<p>\u201cO Brasil entrou definitivamente na era da sucess\u00e3o patrimonial. Com o envelhecimento da popula\u00e7\u00e3o rural e o perfil cada vez mais diverso dos novos detentores de capital, discutir o tema deixou de ser op\u00e7\u00e3o e passou a ser uma necessidade estrutural para o futuro do setor\u201d, afirma Marcos Camilo, CEO da Pulse Capital.&#13;\n<\/p>\n<p>A profissionaliza\u00e7\u00e3o das fazendas e a entrada de herdeiros com perfil t\u00e9cnico e vis\u00e3o empresarial tamb\u00e9m elevam o padr\u00e3o de governan\u00e7a e efici\u00eancia produtiva. Estruturas como holdings, protocolos familiares e doa\u00e7\u00f5es em vida com usufruto ajudam a preservar o patrim\u00f4nio e garantir continuidade, mesmo diante de interesses divergentes entre gera\u00e7\u00f5es.<\/p>\n<p>O impacto sobre os pre\u00e7os das terras ser\u00e1 desigual: \u00e1reas produtivas, com acesso \u00e0 log\u00edstica e estabilidade jur\u00eddica, devem se valorizar, enquanto regi\u00f5es menos atrativas ou com conflitos sucess\u00f3rios correm risco de desvaloriza\u00e7\u00e3o. O Brasil vive um ponto de inflex\u00e3o. Quem planejar a sucess\u00e3o com anteced\u00eancia sair\u00e1 na frente no novo ciclo do campo.<br \/>&#13;<br \/>\n\u00a0&#13;\n<\/p>\n<\/p><\/div>\n<\/p><\/div>\n<p><script data-cfasync=\"false\">\n    !function (f, b, e, v, n, t, s) {\n        if (f.fbq) return; n = f.fbq = function () {\n            n.callMethod ?\n                n.callMethod.apply(n, arguments) : n.queue.push(arguments)\n        };\n        if (!f._fbq) f._fbq = n; n.push = n; n.loaded = !0; n.version = '2.0';\n        n.queue = []; t = b.createElement(e); t.async = !0;\n        t.src = v; s = b.getElementsByTagName(e)[0];\n        s.parentNode.insertBefore(t, s)\n    }(window, document, 'script',\n        'https:\/\/connect.facebook.net\/en_US\/fbevents.js');\n    fbq('init', '522546078623747');\n    fbq('track', 'PageView');\n<\/script><br \/>\n<br \/><br \/>\n<br \/><a href=\"https:\/\/www.agrolink.com.br\/noticias\/sucessao-no-campo-pode-redefinir-o-mercado-de-terras_504334.html\">Source link <\/a><\/p>\n","protected":false},"excerpt":{"rendered":"<p>&#13; \u201cO Brasil entrou definitivamente na era da sucess\u00e3o patrimonial&#8221;&#13; &#13; Agrolink&#13; &#13; &#8211; Leonardo Gottems&#13; &#13; Publicado em 26\/07\/2025<\/p>\n","protected":false},"author":1,"featured_media":12620,"comment_status":"open","ping_status":"open","sticky":false,"template":"","format":"standard","meta":{"_monsterinsights_skip_tracking":false,"_monsterinsights_sitenote_active":false,"_monsterinsights_sitenote_note":"","_monsterinsights_sitenote_category":0,"_uf_show_specific_survey":0,"_uf_disable_surveys":false,"footnotes":""},"categories":[8,1,14],"tags":[],"class_list":["post-17515","post","type-post","status-publish","format-standard","has-post-thumbnail","hentry","category-agro","category-news","category-politica-agro"],"_links":{"self":[{"href":"https:\/\/agromt.news\/index.php?rest_route=\/wp\/v2\/posts\/17515"}],"collection":[{"href":"https:\/\/agromt.news\/index.php?rest_route=\/wp\/v2\/posts"}],"about":[{"href":"https:\/\/agromt.news\/index.php?rest_route=\/wp\/v2\/types\/post"}],"author":[{"embeddable":true,"href":"https:\/\/agromt.news\/index.php?rest_route=\/wp\/v2\/users\/1"}],"replies":[{"embeddable":true,"href":"https:\/\/agromt.news\/index.php?rest_route=%2Fwp%2Fv2%2Fcomments&post=17515"}],"version-history":[{"count":0,"href":"https:\/\/agromt.news\/index.php?rest_route=\/wp\/v2\/posts\/17515\/revisions"}],"wp:featuredmedia":[{"embeddable":true,"href":"https:\/\/agromt.news\/index.php?rest_route=\/wp\/v2\/media\/12620"}],"wp:attachment":[{"href":"https:\/\/agromt.news\/index.php?rest_route=%2Fwp%2Fv2%2Fmedia&parent=17515"}],"wp:term":[{"taxonomy":"category","embeddable":true,"href":"https:\/\/agromt.news\/index.php?rest_route=%2Fwp%2Fv2%2Fcategories&post=17515"},{"taxonomy":"post_tag","embeddable":true,"href":"https:\/\/agromt.news\/index.php?rest_route=%2Fwp%2Fv2%2Ftags&post=17515"}],"curies":[{"name":"wp","href":"https:\/\/api.w.org\/{rel}","templated":true}]}}