{"id":17507,"date":"2025-07-27T13:15:15","date_gmt":"2025-07-27T17:15:15","guid":{"rendered":"https:\/\/agromt.news\/?p=17507"},"modified":"2025-07-27T13:15:15","modified_gmt":"2025-07-27T17:15:15","slug":"inscreva-se-para-o-premio-mulheres-do-agro","status":"publish","type":"post","link":"https:\/\/agromt.news\/?p=17507","title":{"rendered":"inscreva-se para o Pr\u00eamio Mulheres do Agro!"},"content":{"rendered":"<p> <br \/>\n<br \/><img decoding=\"async\" src=\"https:\/\/agromt.news\/wp-content\/uploads\/2025\/06\/Cada-mulher-uma-historia-Premio-Mulheres-do-Agro-destaca-a.jpeg\" \/><\/p>\n<div>\n<p>Seguem abertas at\u00e9 o dia 31 de julho de 2025 as <a href=\"https:\/\/www.canalrural.com.br\/agricultura\/projeto-soja-brasil\/premio-mulheres-do-agro-esta-com-as-inscricoes-abertas-para-a-8a-edicao-saiba-como-participar\/\">inscri\u00e7\u00f5es <\/a>para a categoria produtora rural da 8\u00aa edi\u00e7\u00e3o do Pr\u00eamio Mulheres do Agro, iniciativa da Bayer em parceria com a Associa\u00e7\u00e3o Brasileira do Agroneg\u00f3cio (Abag). A premia\u00e7\u00e3o reconhece <a href=\"https:\/\/www.canalrural.com.br\/agricultura\/projeto-soja-brasil\/cada-mulher-uma-historia-premio-mulheres-do-agro-destaca-a-forca-e-a-particularidade-feminina\/\">agricultoras <\/a>de todo o pa\u00eds que se destacam por boas pr\u00e1ticas em gest\u00e3o, sustentabilidade, inova\u00e7\u00e3o e impacto social no agroneg\u00f3cio. <\/p>\n<ul class=\"wp-block-list\">\n<li><strong><em>Fique por dentro das novidades e not\u00edcias recentes sobre a soja! Participe da nossa comunidade atrav\u00e9s do\u00a0<a href=\"https:\/\/chat.whatsapp.com\/BmMRwA0TZ2DHGyhzoaVEWu\">link<\/a>! \ud83c\udf31<\/em><\/strong><\/li>\n<\/ul>\n<p>As inscri\u00e7\u00f5es podem ser feitas diretamente pelo <a class=\"\" href=\"http:\/\/www.mulheresdoagro.com.br\">link<\/a>, onde tamb\u00e9m \u00e9 poss\u00edvel indicar outras produtoras e acessar todas as informa\u00e7\u00f5es sobre o regulamento.<\/p>\n<\/div>\n<div>\n<h2 class=\"wp-block-heading\" id=\"h-muito-alem-de-um-premio-para-mulheres\">Muito al\u00e9m de um pr\u00eamio para mulheres<\/h2>\n<figure class=\"wp-block-embed is-type-video is-provider-youtube wp-block-embed-youtube wp-embed-aspect-16-9 wp-has-aspect-ratio\">\n<p>\n<iframe title=\"Pr\u00eamio Mulheres do Agro\" width=\"800\" height=\"450\" src=\"https:\/\/www.youtube.com\/embed\/w8w2KO_01Zc?feature=oembed\" frameborder=\"0\" allow=\"accelerometer; autoplay; clipboard-write; encrypted-media; gyroscope; picture-in-picture; web-share\" referrerpolicy=\"strict-origin-when-cross-origin\" allowfullscreen><\/iframe>\n<\/p>\n<\/figure>\n<p>Durante sua participa\u00e7\u00e3o no programa Soja Brasil, Gabriela Gandelini, gerente de regulamenta\u00e7\u00e3o e assuntos cient\u00edficos da Bayer, destacou que a sustentabilidade \u00e9 o foco principal da premia\u00e7\u00e3o. Entre as pr\u00e1ticas valorizadas na sele\u00e7\u00e3o est\u00e3o a rota\u00e7\u00e3o de culturas, o uso de agricultura de precis\u00e3o e t\u00e9cnicas voltadas \u00e0 regenera\u00e7\u00e3o do solo e \u00e0 redu\u00e7\u00e3o das emiss\u00f5es de gases de efeito estufa.<\/p>\n<p>O pr\u00eamio \u00e9 dividido em duas categorias principais: produtora rural e ci\u00eancia e pesquisa. No caso das produtoras, h\u00e1 subdivis\u00f5es conforme o porte da propriedade: pequena, m\u00e9dia e grande. J\u00e1 a categoria ci\u00eancia e pesquisa, que chega \u00e0 sua terceira edi\u00e7\u00e3o, reconhece mulheres cientistas que desenvolvem estudos voltados \u00e0 sustentabilidade no agro, ampliando o reconhecimento para al\u00e9m da porteira.<\/p>\n<p>O processo seletivo envolve o envio de documenta\u00e7\u00e3o e a avalia\u00e7\u00e3o por uma banca especializada que seleciona nove finalistas, sendo tr\u00eas por faixa de tamanho de propriedade. Segundo Gabriela, o protagonismo das mulheres no agro tem avan\u00e7ado a cada edi\u00e7\u00e3o com forte engajamento em pr\u00e1ticas sustent\u00e1veis. \u201dN\u00e3o d\u00e1 mais para produzir sem ser sustent\u00e1vel e que as mulheres do agro t\u00eam esse olhar, esse cuidado com o solo, com as pessoas e com o futuro. <\/p>\n<\/p><\/div>\n<p><br \/>\n<br \/><a href=\"https:\/\/www.canalrural.com.br\/agricultura\/projeto-soja-brasil\/mulheres-e-a-forca-no-campo-inscreva-se-para-o-premio-mulheres-do-agro\/\">Source link <\/a><\/p>\n","protected":false},"excerpt":{"rendered":"<p>Seguem abertas at\u00e9 o dia 31 de julho de 2025 as inscri\u00e7\u00f5es para a categoria produtora rural da 8\u00aa edi\u00e7\u00e3o<\/p>\n","protected":false},"author":1,"featured_media":15589,"comment_status":"open","ping_status":"open","sticky":false,"template":"","format":"standard","meta":{"_monsterinsights_skip_tracking":false,"_monsterinsights_sitenote_active":false,"_monsterinsights_sitenote_note":"","_monsterinsights_sitenote_category":0,"_uf_show_specific_survey":0,"_uf_disable_surveys":false,"footnotes":""},"categories":[1],"tags":[],"class_list":["post-17507","post","type-post","status-publish","format-standard","has-post-thumbnail","hentry","category-news"],"_links":{"self":[{"href":"https:\/\/agromt.news\/index.php?rest_route=\/wp\/v2\/posts\/17507"}],"collection":[{"href":"https:\/\/agromt.news\/index.php?rest_route=\/wp\/v2\/posts"}],"about":[{"href":"https:\/\/agromt.news\/index.php?rest_route=\/wp\/v2\/types\/post"}],"author":[{"embeddable":true,"href":"https:\/\/agromt.news\/index.php?rest_route=\/wp\/v2\/users\/1"}],"replies":[{"embeddable":true,"href":"https:\/\/agromt.news\/index.php?rest_route=%2Fwp%2Fv2%2Fcomments&post=17507"}],"version-history":[{"count":0,"href":"https:\/\/agromt.news\/index.php?rest_route=\/wp\/v2\/posts\/17507\/revisions"}],"wp:featuredmedia":[{"embeddable":true,"href":"https:\/\/agromt.news\/index.php?rest_route=\/wp\/v2\/media\/15589"}],"wp:attachment":[{"href":"https:\/\/agromt.news\/index.php?rest_route=%2Fwp%2Fv2%2Fmedia&parent=17507"}],"wp:term":[{"taxonomy":"category","embeddable":true,"href":"https:\/\/agromt.news\/index.php?rest_route=%2Fwp%2Fv2%2Fcategories&post=17507"},{"taxonomy":"post_tag","embeddable":true,"href":"https:\/\/agromt.news\/index.php?rest_route=%2Fwp%2Fv2%2Ftags&post=17507"}],"curies":[{"name":"wp","href":"https:\/\/api.w.org\/{rel}","templated":true}]}}