{"id":17491,"date":"2025-07-27T04:36:01","date_gmt":"2025-07-27T08:36:01","guid":{"rendered":"https:\/\/agromt.news\/?p=17491"},"modified":"2025-07-27T04:36:01","modified_gmt":"2025-07-27T08:36:01","slug":"gnv-cai-021-no-sul-e-custa-r-484","status":"publish","type":"post","link":"https:\/\/agromt.news\/?p=17491","title":{"rendered":"GNV cai 0,21% no Sul e custa R$ 4,84"},"content":{"rendered":"<p> <br \/>\n<\/p>\n<div>\n<p>O pre\u00e7o m\u00e9dio do G\u00e1s Natural Veicular (GNV) registrou uma leve queda de 0,21% na Regi\u00e3o Sul durante a primeira quinzena de julho, alcan\u00e7ando R$ 4,84 por metro c\u00fabico. Os dados s\u00e3o do \u00cdndice de Pre\u00e7os Edenred Ticket Log (IPTL), que acompanha os valores praticados nos postos de combust\u00edveis com base nas transa\u00e7\u00f5es registradas.&#13;\n<\/p>\n<p>Entre os estados do Sul, apenas o Rio Grande do Sul apresentou alta no per\u00edodo, com acr\u00e9scimo de 4,19%, elevando o pre\u00e7o m\u00e9dio do GNV para R$ 4,72\/m\u00b3. No Paran\u00e1, houve queda de 1,03%, com o metro c\u00fabico sendo comercializado a R$ 4,81. J\u00e1 em Santa Catarina, a redu\u00e7\u00e3o foi de 0,39%, com o pre\u00e7o m\u00e9dio fixado em R$ 5,07\/m\u00b3, o mais alto da regi\u00e3o.<\/p>\n<p>Segundo Renato Mascarenhas, diretor de Rede de Abastecimento da Edenred Mobilidade, apesar da alta no Rio Grande do Sul, o recuo nos outros dois estados contribuiu para a queda m\u00e9dia regional. Ele destaca que o cen\u00e1rio \u00e9 de relativa estabilidade e que o GNV continua sendo uma alternativa vantajosa para motoristas que buscam economia.&#13;\n<\/p>\n<p>As varia\u00e7\u00f5es, segundo o levantamento, s\u00e3o pontuais e podem estar relacionadas a ajustes locais de distribui\u00e7\u00e3o ou revis\u00f5es tarif\u00e1rias. Mesmo com oscila\u00e7\u00f5es, o GNV se mant\u00e9m competitivo frente a outros combust\u00edveis, refor\u00e7ando seu apelo econ\u00f4mico.<\/p>\n<p>\u201cO GNV segue com varia\u00e7\u00f5es pontuais no Sul, mas o cen\u00e1rio geral \u00e9 de leve recuo no pre\u00e7o m\u00e9dio. A queda observada no Paran\u00e1 e em Santa Catarina puxou essa m\u00e9dia para baixo, enquanto o Rio Grande do Sul destoou com uma alta mais expressiva, o que pode estar ligado a ajustes locais na distribui\u00e7\u00e3o ou revis\u00e3o tarif\u00e1ria. Ainda assim, os pre\u00e7os seguem relativamente est\u00e1veis na compara\u00e7\u00e3o com outros combust\u00edveis, o que mant\u00e9m o GNV como uma alternativa vi\u00e1vel para quem busca economia no abastecimento\u201d, aponta.<br \/>&#13;<br \/>\n\u00a0<\/p>\n<\/p><\/div>\n<p><script data-cfasync=\"false\">\n    !function (f, b, e, v, n, t, s) {\n        if (f.fbq) return; n = f.fbq = function () {\n            n.callMethod ?\n                n.callMethod.apply(n, arguments) : n.queue.push(arguments)\n        };\n        if (!f._fbq) f._fbq = n; n.push = n; n.loaded = !0; n.version = '2.0';\n        n.queue = []; t = b.createElement(e); t.async = !0;\n        t.src = v; s = b.getElementsByTagName(e)[0];\n        s.parentNode.insertBefore(t, s)\n    }(window, document, 'script',\n        'https:\/\/connect.facebook.net\/en_US\/fbevents.js');\n    fbq('init', '522546078623747');\n    fbq('track', 'PageView');\n<\/script><br \/>\n<br \/><br \/>\n<br \/><a href=\"https:\/\/www.agrolink.com.br\/noticias\/gnv-cai-0-21--no-sul-e-custa-r--4-84_504341.html\">Source link <\/a><\/p>\n","protected":false},"excerpt":{"rendered":"<p>O pre\u00e7o m\u00e9dio do G\u00e1s Natural Veicular (GNV) registrou uma leve queda de 0,21% na Regi\u00e3o Sul durante a primeira<\/p>\n","protected":false},"author":1,"featured_media":17492,"comment_status":"open","ping_status":"open","sticky":false,"template":"","format":"standard","meta":{"_monsterinsights_skip_tracking":false,"_monsterinsights_sitenote_active":false,"_monsterinsights_sitenote_note":"","_monsterinsights_sitenote_category":0,"_uf_show_specific_survey":0,"_uf_disable_surveys":false,"footnotes":""},"categories":[8,1,14],"tags":[],"class_list":["post-17491","post","type-post","status-publish","format-standard","has-post-thumbnail","hentry","category-agro","category-news","category-politica-agro"],"_links":{"self":[{"href":"https:\/\/agromt.news\/index.php?rest_route=\/wp\/v2\/posts\/17491"}],"collection":[{"href":"https:\/\/agromt.news\/index.php?rest_route=\/wp\/v2\/posts"}],"about":[{"href":"https:\/\/agromt.news\/index.php?rest_route=\/wp\/v2\/types\/post"}],"author":[{"embeddable":true,"href":"https:\/\/agromt.news\/index.php?rest_route=\/wp\/v2\/users\/1"}],"replies":[{"embeddable":true,"href":"https:\/\/agromt.news\/index.php?rest_route=%2Fwp%2Fv2%2Fcomments&post=17491"}],"version-history":[{"count":0,"href":"https:\/\/agromt.news\/index.php?rest_route=\/wp\/v2\/posts\/17491\/revisions"}],"wp:featuredmedia":[{"embeddable":true,"href":"https:\/\/agromt.news\/index.php?rest_route=\/wp\/v2\/media\/17492"}],"wp:attachment":[{"href":"https:\/\/agromt.news\/index.php?rest_route=%2Fwp%2Fv2%2Fmedia&parent=17491"}],"wp:term":[{"taxonomy":"category","embeddable":true,"href":"https:\/\/agromt.news\/index.php?rest_route=%2Fwp%2Fv2%2Fcategories&post=17491"},{"taxonomy":"post_tag","embeddable":true,"href":"https:\/\/agromt.news\/index.php?rest_route=%2Fwp%2Fv2%2Ftags&post=17491"}],"curies":[{"name":"wp","href":"https:\/\/api.w.org\/{rel}","templated":true}]}}