{"id":17490,"date":"2025-07-27T02:37:34","date_gmt":"2025-07-27T06:37:34","guid":{"rendered":"https:\/\/agromt.news\/?p=17490"},"modified":"2025-07-27T02:37:34","modified_gmt":"2025-07-27T06:37:34","slug":"crise-no-oriente-medio-pressiona-custos-do-agro","status":"publish","type":"post","link":"https:\/\/agromt.news\/?p=17490","title":{"rendered":"Crise no Oriente M\u00e9dio pressiona custos do agro"},"content":{"rendered":"<p> <br \/>\n<\/p>\n<div>\n<p>A crescente tens\u00e3o entre Ir\u00e3 e Israel j\u00e1 impacta diretamente o agroneg\u00f3cio nacional, principalmente nos custos com insumos e log\u00edstica. Segundo Leandro Avelar, CEO da JPA Agro, em artigo publicado recentemente, o conflito geopol\u00edtico ultrapassa as manchetes e chega ao campo, influenciando o planejamento financeiro e a competitividade dos produtores.&#13;\n<\/p>\n<p>Avelar destaca que a interrup\u00e7\u00e3o na produ\u00e7\u00e3o de ureia no Ir\u00e3 e no Egito, fornecedores relevantes para o Brasil,\u00a0fez os pre\u00e7os dispararem. O pa\u00eds depende de importa\u00e7\u00f5es para mais de 85% dos fertilizantes usados, sendo 17% da ureia vinda do Ir\u00e3. Ao mesmo tempo, o petr\u00f3leo Brent teve alta superior a 7%, o que refletiu em aumentos de at\u00e9 15% no pre\u00e7o do diesel, encarecendo o frete e outras opera\u00e7\u00f5es agr\u00edcolas.<\/p>\n<p>Al\u00e9m disso, o impacto vai al\u00e9m da lavoura: ele atinge a cadeia de gr\u00e3os, a produ\u00e7\u00e3o de ra\u00e7\u00e3o e o mercado de prote\u00ednas, j\u00e1 que pa\u00edses da regi\u00e3o respondem por cerca de 7% das exporta\u00e7\u00f5es brasileiras do setor. Um eventual bloqueio de rotas mar\u00edtimas, como o Estreito de Ormuz, poderia intensificar ainda mais esses efeitos.&#13;\n<\/p>\n<p>Apesar do cen\u00e1rio desafiador, Avelar aponta que o Brasil segue colhendo boas safras e com posi\u00e7\u00e3o forte no com\u00e9rcio global. Mas alerta: \u00e9 hora de o produtor agir com intelig\u00eancia, antecipar compras, proteger margens e operar com vis\u00e3o estrat\u00e9gica. Em tempos de volatilidade, informa\u00e7\u00e3o e agilidade s\u00e3o os maiores ativos do campo.<\/p>\n<p>\u201c\u00c9 necess\u00e1rio que o produtor rural brasileiro n\u00e3o pense apenas em gr\u00e3os e m\u00e1quinas, mas coloque no dia a dia informa\u00e7\u00e3o, estrat\u00e9gia e resili\u00eancia. Nosso agro \u00e9 gigante, mas n\u00e3o \u00e9 uma ilha. S\u00f3 considerando o que acontece \u00e0 nossa volta \u00e9 que garantimos que o Brasil siga sendo o celeiro do mundo, mas agora, um celeiro conectado, eficiente e preparado para qualquer tempestade global\u201d, conclui.<br \/>&#13;<br \/>\n\u00a0&#13;\n<\/p>\n<\/p><\/div>\n<p><script data-cfasync=\"false\">\n    !function (f, b, e, v, n, t, s) {\n        if (f.fbq) return; n = f.fbq = function () {\n            n.callMethod ?\n                n.callMethod.apply(n, arguments) : n.queue.push(arguments)\n        };\n        if (!f._fbq) f._fbq = n; n.push = n; n.loaded = !0; n.version = '2.0';\n        n.queue = []; t = b.createElement(e); t.async = !0;\n        t.src = v; s = b.getElementsByTagName(e)[0];\n        s.parentNode.insertBefore(t, s)\n    }(window, document, 'script',\n        'https:\/\/connect.facebook.net\/en_US\/fbevents.js');\n    fbq('init', '522546078623747');\n    fbq('track', 'PageView');\n<\/script><br \/>\n<br \/><br \/>\n<br \/><a href=\"https:\/\/www.agrolink.com.br\/noticias\/crise-no-oriente-medio-pressiona-custos-do-agro_504342.html\">Source link <\/a><\/p>\n","protected":false},"excerpt":{"rendered":"<p>A crescente tens\u00e3o entre Ir\u00e3 e Israel j\u00e1 impacta diretamente o agroneg\u00f3cio nacional, principalmente nos custos com insumos e log\u00edstica.<\/p>\n","protected":false},"author":1,"featured_media":1775,"comment_status":"open","ping_status":"open","sticky":false,"template":"","format":"standard","meta":{"_monsterinsights_skip_tracking":false,"_monsterinsights_sitenote_active":false,"_monsterinsights_sitenote_note":"","_monsterinsights_sitenote_category":0,"_uf_show_specific_survey":0,"_uf_disable_surveys":false,"footnotes":""},"categories":[8,1,14],"tags":[],"class_list":["post-17490","post","type-post","status-publish","format-standard","has-post-thumbnail","hentry","category-agro","category-news","category-politica-agro"],"_links":{"self":[{"href":"https:\/\/agromt.news\/index.php?rest_route=\/wp\/v2\/posts\/17490"}],"collection":[{"href":"https:\/\/agromt.news\/index.php?rest_route=\/wp\/v2\/posts"}],"about":[{"href":"https:\/\/agromt.news\/index.php?rest_route=\/wp\/v2\/types\/post"}],"author":[{"embeddable":true,"href":"https:\/\/agromt.news\/index.php?rest_route=\/wp\/v2\/users\/1"}],"replies":[{"embeddable":true,"href":"https:\/\/agromt.news\/index.php?rest_route=%2Fwp%2Fv2%2Fcomments&post=17490"}],"version-history":[{"count":0,"href":"https:\/\/agromt.news\/index.php?rest_route=\/wp\/v2\/posts\/17490\/revisions"}],"wp:featuredmedia":[{"embeddable":true,"href":"https:\/\/agromt.news\/index.php?rest_route=\/wp\/v2\/media\/1775"}],"wp:attachment":[{"href":"https:\/\/agromt.news\/index.php?rest_route=%2Fwp%2Fv2%2Fmedia&parent=17490"}],"wp:term":[{"taxonomy":"category","embeddable":true,"href":"https:\/\/agromt.news\/index.php?rest_route=%2Fwp%2Fv2%2Fcategories&post=17490"},{"taxonomy":"post_tag","embeddable":true,"href":"https:\/\/agromt.news\/index.php?rest_route=%2Fwp%2Fv2%2Ftags&post=17490"}],"curies":[{"name":"wp","href":"https:\/\/api.w.org\/{rel}","templated":true}]}}