{"id":17486,"date":"2025-07-26T18:46:01","date_gmt":"2025-07-26T22:46:01","guid":{"rendered":"https:\/\/agromt.news\/?p=17486"},"modified":"2025-07-26T18:46:01","modified_gmt":"2025-07-26T22:46:01","slug":"julho-foi-desastroso-para-o-boi-gordo-diz-analista-o-que-esperar-de-agosto","status":"publish","type":"post","link":"https:\/\/agromt.news\/?p=17486","title":{"rendered":"Julho foi &#8216;desastroso&#8217; para o boi gordo, diz analista. O que esperar de agosto?"},"content":{"rendered":"<p> <br \/>\n<\/p>\n<div>\n<p>O mercado brasileiro do boi gordo voltou a se deparar com tentativas de compra em patamares mais baixos ao longo desta semana. <\/p>\n<p>Conforme o analista de Safras &amp; Mercado Fernando Iglesias, o ambiente segue pautado por escalas de abate relativamente confort\u00e1veis por parte dos frigor\u00edficos e pela boa entrada de animais confinados no mercado. <\/p>\n<p>Segundo ele, merece destaque a boa oferta de f\u00eameas observada na Regi\u00e3o Norte. \u201cDe maneira geral, o cen\u00e1rio de queda nos abates vem perdendo intensidade em determinados estados\u201d, pontua. <\/p>\n<p>Iglesias acrescenta que o quadro tra\u00e7ado em rela\u00e7\u00e3o aos Estados Unidos ainda \u00e9 preocupante, considerando o adicional tarif\u00e1rio que inviabiliza a carne bovina brasileira no mercado norte-americano.<\/p>\n<h2 class=\"wp-block-heading\" id=\"h-o-que-esperar-de-agosto\">O que esperar de agosto?<\/h2>\n<p>O analista de Safras &amp; Mercado avalia que o m\u00eas de julho foi \u201cdesastroso\u201d para a arroba do boi gordo. No entanto, h\u00e1 sinais de recupera\u00e7\u00e3o e pre\u00e7os mais firmes, ao menos nos primeiros 15 dias de agosto. <\/p>\n<p>\u201cO mercado tem condi\u00e7\u00f5es de operar com pre\u00e7os melhores na primeira quinzena de agosto. H\u00e1 o dia dos pais, que \u00e9 um importante motivador de consumo de carne bovina no mercado interno, por exemplo. Ent\u00e3o este pr\u00f3ximo m\u00eas oferece espa\u00e7o para recupera\u00e7\u00e3o da arroba do boi, mesmo que esse movimento seja comedido.\u201d<\/p>\n<p>Para Iglesias, o mercado pecu\u00e1rio brasileiro j\u00e1 assimilou a quest\u00e3o do tarifa\u00e7o dos Estados Unidos e fez as adequa\u00e7\u00f5es necess\u00e1rias quanto \u00e0 realoca\u00e7\u00e3o de destino para a prote\u00edna embarcada. <\/p>\n<p>\u201cJ\u00e1 no mercado global, estamos em uma expectativa de redirecionamento. Austr\u00e1lia, Uruguai, Argentina e Nova Zel\u00e2ndia devem ganhar mercado nos Estados Unidos, mas como eles n\u00e3o t\u00eam uma capacidade de produ\u00e7\u00e3o muito ampla, ou seja, possuem um \u2018cobertor curto\u2019, ter\u00e3o de deixar de suprir necessidades do mercado asi\u00e1tico, do Oriente M\u00e9dio e de outras na\u00e7\u00f5es, que podem, por sua vez, abrir espa\u00e7o e novas boas possibilidades ao Brasil. Portanto, estamos diante de um rearranjo da corrente do mercado global\u201d, avalia.       <\/p>\n<h2 class=\"wp-block-heading\" id=\"h-precos-medios-da-arroba-do-boi\">Pre\u00e7os m\u00e9dios da arroba do boi<\/h2>\n<p>Os pre\u00e7os da arroba do boi gordo na modalidade a prazo nas principais pra\u00e7as de comercializa\u00e7\u00e3o do Brasil estavam assim em 24 de julho em compara\u00e7\u00e3o ao dia 18:<\/p>\n<\/div>\n<div>\n<ul class=\"wp-block-list\">\n<li><strong>S\u00e3o Paulo (Capital): <\/strong>R$ 290, queda de 1,69% frente aos R$ 295 da semana passada.<\/li>\n<li><strong>Goi\u00e1s (Goi\u00e2nia):<\/strong> R$ 278, recuo de 0,81% perante os R$ 280 registrados anteriomente<\/li>\n<li><strong>Minas Gerais (Uberaba):<\/strong> R$ 285, valor inalterado ante o fechamento da semana anterior<\/li>\n<li><strong>Mato Grosso do Sul (Dourados):<\/strong> R$ 295, est\u00e1vel em rela\u00e7\u00e3o \u00e0 semana passada<\/li>\n<li><strong>Mato Grosso (Cuiab\u00e1):<\/strong> R$ 295, queda de 1,67% frente aos R$ 300 dos \u00faltimos sete dias<\/li>\n<li><strong>Rond\u00f4nia (Vilhena):<\/strong> R$ 258, perda de 2,64% em compara\u00e7\u00e3o aos R$ 265 do per\u00edodo anterior<\/li>\n<\/ul>\n<h2 class=\"wp-block-heading\" id=\"h-mercado-atacadista\">Mercado atacadista<\/h2>\n<p>O mercado atacadista se deparou com pre\u00e7os inalterados no decorrer da semana. \u201cEntretanto, o ambiente de neg\u00f3cios sugere a continuidade do movimento de queda no curto prazo, considerando a reposi\u00e7\u00e3o mais lenta entre atacado e varejo durante a segunda quinzena do m\u00eas\u201d, diz o analista.<\/p>\n<p>De acordo com ele, al\u00e9m disso, a carne de frango segue muito mais competitiva em compara\u00e7\u00e3o com \u00e0 carne bovina e \u00e0s demais prote\u00ednas concorrentes.<\/p>\n<p>O quarto do traseiro do boi foi cotado a R$ 21,80 o quilo. J\u00e1 o quarto do dianteiro do boi foi vendido por R$ 17,50 o quilo, ambos sem altera\u00e7\u00f5es frente \u00e0 semana anterior.<\/p>\n<h2 class=\"wp-block-heading\" id=\"h-exportacoes-de-carne-bovina\">Exporta\u00e7\u00f5es de carne bovina<\/h2>\n<figure class=\"wp-block-image size-large\"><img fetchpriority=\"high\" decoding=\"async\" width=\"1024\" height=\"682\" src=\"https:\/\/agromt.news\/wp-content\/uploads\/2025\/05\/Queda-da-arroba-do-boi-em-maio-e-intensificada-pela.jpg\" alt=\"carne bovina exporta\u00e7\u00f5es China\" class=\"wp-image-4081957\"  \/><figcaption class=\"wp-element-caption\">Foto: Pixabay<\/figcaption><\/figure>\n<p>As exporta\u00e7\u00f5es de <strong><a href=\"https:\/\/www.canalrural.com.br\/tag\/carne-bovina\/\">carne bovina<\/a><\/strong> fresca, congelada ou refrigerada do Brasil renderam US$ 958,179 milh\u00f5es em julho (14 dias \u00fateis), com m\u00e9dia di\u00e1ria de US$ 68,441 milh\u00f5es, conforme dados da Secretaria de Com\u00e9rcio Exterior (Secex). <\/p>\n<p>A quantidade total exportada pelo pa\u00eds chegou a 172,709 mil toneladas, com m\u00e9dia di\u00e1ria de 12,336 mil toneladas. O pre\u00e7o m\u00e9dio da tonelada ficou em US$ 5.547,90.<\/p>\n<p>Em rela\u00e7\u00e3o a julho de 2024, houve alta de 50,5% no valor m\u00e9dio di\u00e1rio da exporta\u00e7\u00e3o, ganho de 19,5% na quantidade m\u00e9dia di\u00e1ria exportada e avan\u00e7o de 25,8% no pre\u00e7o m\u00e9dio.<\/p>\n<p><strong><em>*Com informa\u00e7\u00f5es de Safras News<br \/><\/em><\/strong><\/p>\n<\/p><\/div>\n<p><br \/>\n<br \/><a href=\"https:\/\/www.canalrural.com.br\/pecuaria\/os-precos-da-arroba-do-boi-gordo-continuarao-caindo-por-causa-do-tarifaco-dos-eua\/\">Source link <\/a><\/p>\n","protected":false},"excerpt":{"rendered":"<p>O mercado brasileiro do boi gordo voltou a se deparar com tentativas de compra em patamares mais baixos ao longo<\/p>\n","protected":false},"author":1,"featured_media":13736,"comment_status":"open","ping_status":"open","sticky":false,"template":"","format":"standard","meta":{"_monsterinsights_skip_tracking":false,"_monsterinsights_sitenote_active":false,"_monsterinsights_sitenote_note":"","_monsterinsights_sitenote_category":0,"_uf_show_specific_survey":0,"_uf_disable_surveys":false,"footnotes":""},"categories":[1],"tags":[],"class_list":["post-17486","post","type-post","status-publish","format-standard","has-post-thumbnail","hentry","category-news"],"_links":{"self":[{"href":"https:\/\/agromt.news\/index.php?rest_route=\/wp\/v2\/posts\/17486"}],"collection":[{"href":"https:\/\/agromt.news\/index.php?rest_route=\/wp\/v2\/posts"}],"about":[{"href":"https:\/\/agromt.news\/index.php?rest_route=\/wp\/v2\/types\/post"}],"author":[{"embeddable":true,"href":"https:\/\/agromt.news\/index.php?rest_route=\/wp\/v2\/users\/1"}],"replies":[{"embeddable":true,"href":"https:\/\/agromt.news\/index.php?rest_route=%2Fwp%2Fv2%2Fcomments&post=17486"}],"version-history":[{"count":0,"href":"https:\/\/agromt.news\/index.php?rest_route=\/wp\/v2\/posts\/17486\/revisions"}],"wp:featuredmedia":[{"embeddable":true,"href":"https:\/\/agromt.news\/index.php?rest_route=\/wp\/v2\/media\/13736"}],"wp:attachment":[{"href":"https:\/\/agromt.news\/index.php?rest_route=%2Fwp%2Fv2%2Fmedia&parent=17486"}],"wp:term":[{"taxonomy":"category","embeddable":true,"href":"https:\/\/agromt.news\/index.php?rest_route=%2Fwp%2Fv2%2Fcategories&post=17486"},{"taxonomy":"post_tag","embeddable":true,"href":"https:\/\/agromt.news\/index.php?rest_route=%2Fwp%2Fv2%2Ftags&post=17486"}],"curies":[{"name":"wp","href":"https:\/\/api.w.org\/{rel}","templated":true}]}}