{"id":17480,"date":"2025-07-26T15:28:36","date_gmt":"2025-07-26T19:28:36","guid":{"rendered":"https:\/\/agromt.news\/?p=17480"},"modified":"2025-07-26T15:28:36","modified_gmt":"2025-07-26T19:28:36","slug":"venezuela-deve-comecar-a-cobrar-tarifas-de-77-sobre-produtos-do-brasil","status":"publish","type":"post","link":"https:\/\/agromt.news\/?p=17480","title":{"rendered":"Venezuela deve come\u00e7ar a cobrar tarifas de 77% sobre produtos do Brasil"},"content":{"rendered":"<p> <br \/>\n<br \/><img decoding=\"async\" src=\"https:\/\/agromt.news\/wp-content\/uploads\/2025\/07\/Venezuela-deve-comecar-a-cobrar-77-de-tarifas-sobre-produtos.jpg\" \/><\/p>\n<div>\n<p>Em um comunicado surpresa nessa sexta-feira (25), a Venezuela anunciou que passar\u00e1 a cobrar tarifas aduaneiras de 77% sobre produtos brasileiros. <\/p>\n<p>A sobretaxa atinge, principalmente, o \u00f3leo e o gr\u00e3o de soja vendidos ao pa\u00eds vizinho, mas tamb\u00e9m margarina, farinha, cacau, cana-de-a\u00e7\u00facar e produtos l\u00e1cteos e afeta, sobretudo, os exportadores que escoam esses produtos por Roraima. <\/p>\n<p>Desta forma, a medida atinge bens com certificados de origem que, conforme acordos firmados anteriormente, deveriam estar isentos de al\u00edquotas de importa\u00e7\u00e3o.<\/p>\n<p>A Federa\u00e7\u00e3o das Ind\u00fastrias do Estado de Roraima (Fier) foi informada que a cobran\u00e7a tamb\u00e9m atingiu Argentina, Paraguai e Uruguai, os demais s\u00f3cios do Mercosul.<\/p>\n<p><strong><a href=\"https:\/\/www.canalrural.com.br\/tag\/miguel-daoud\/\">O comentarista do Canal Rural Miguel Daoud<\/a><\/strong> lembra que a Venezuela est\u00e1 suspensa do bloco desde 2017 por descumprimento de normas democr\u00e1ticas acordadas entre os membros. <\/p>\n<p>\u201cPortanto, n\u00e3o tem legitimidade para manipular regras comerciais em nome do bloco regional. Mesmo assim, continuava usufruindo de benef\u00edcios tarif\u00e1rios com base no Acordo de Complementa\u00e7\u00e3o Econ\u00f4mica (ACE-69), do qual agora tamb\u00e9m desvirtua os termos\u201d, destaca.<\/p>\n<p>Em 2024, o Brasil alcan\u00e7ou super\u00e1vit de quase US$ 778 milh\u00f5es com o pa\u00eds vizinho, o equivalente a R$ 4,3 bilh\u00f5es com o pa\u00eds vizinho.<\/p>\n<p><strong><a href=\"https:\/\/cbn.globo.com\/economia\/noticia\/2025\/07\/26\/venezuela-decide-tributar-produtos-brasileiro-em-tarifas-que-chegam-a-77percent.ghtml\">Em entrevista \u00e0 CBN<\/a><\/strong>, o assessor econ\u00f4mico da Fier F\u00e1bio Martinez afirmou que a cobran\u00e7a de taxas extras pode inviabilizar investimentos na regi\u00e3o.<\/p>\n<\/div>\n<div>\n<p>\u201cA Federa\u00e7\u00e3o da Ind\u00fastria ainda n\u00e3o fez o c\u00e1lculo. A gente tem ali em torno de 70% das nossas exporta\u00e7\u00f5es que v\u00e3o para Venezuela. Ent\u00e3o teremos algum impacto consider\u00e1vel, mas a gente est\u00e1 esperando para verificar de fato se essa tarifa foi uma coisa definitiva por parte do governo venezuelano ou s\u00f3 transit\u00f3ria. Claro que o foco principal dessa ind\u00fastria est\u00e1 na Guiana e no Caribe, mas o mercado venezuelano \u00e9 muito importante para a gente e se a gente tiver de fato essa incid\u00eancia dessa taxa, isso acaba inviabilizando talvez novos projetos de ind\u00fastria que foquem no mercado venezuelano\u201d, ressaltou.<\/p>\n<p>De acordo com a federa\u00e7\u00e3o, os produtos comercializados para a Venezuela j\u00e1 sofriam uma cobran\u00e7a de 17%. Agora, no caso da soja, que \u00e9 o item mais exportado, a cobran\u00e7a extra ser\u00e1 de at\u00e9 77%.<\/p>\n<p>A Fier ainda aguarda um posicionamento das autoridades venezuelanas para identificar as causas da cobran\u00e7a das tarifas.<\/p>\n<p>A d\u00edvida da Venezuela com o Brasil \u00e9, atualmente, superior a R$ 9 bilh\u00f5es por conta de financiamentos via Banco Nacional de Desenvolvimento Econ\u00f4mico e Social (BNDES) e outros mecanismos. <\/p>\n<p>\u201cAinda assim, escolhe hostilizar o \u00fanico pa\u00eds que lhe estendeu apoio pol\u00edtico cont\u00ednuo nas \u00faltimas d\u00e9cadas. O presidente Lula sempre defendeu o di\u00e1logo com Caracas e, em diversos momentos, usou o prest\u00edgio diplom\u00e1tico brasileiro para blindar o regime de Nicol\u00e1s Maduro em f\u00f3runs internacionais\u201d, ressalta Daoud.<\/p>\n<p>Para ele, a medida tarif\u00e1ria venezuelana \u00e9 uma tentativa desesperada de proteger seu mercado interno, marcado por hiperinfla\u00e7\u00e3o e desabastecimento cr\u00f4nico. \u201cEm vez de fortalecer la\u00e7os com os poucos pa\u00edses que ainda lhe estendem a m\u00e3o, Maduro decide punir o Brasil, prejudicando diretamente pequenos e m\u00e9dios produtores brasileiros da fronteira.\u201d<\/p>\n<p>Em nota, o Minist\u00e9rio das Rela\u00e7\u00f5es Exteriores do Brasil informou que tem acompanhado, em coordena\u00e7\u00e3o com o Minist\u00e9rio do Desenvolvimento, Ind\u00fastria, Com\u00e9rcio e Servi\u00e7os, os relatos sobre dificuldades enfrentadas por exportadores brasileiros na Venezuela.<\/p>\n<p>Contudo, a nota do Itamaraty n\u00e3o faz men\u00e7\u00e3o a tarifas impostas pelo governo de Nicol\u00e1s Maduro porque ainda n\u00e3o h\u00e1 uma confirma\u00e7\u00e3o oficial do governo venezuelano de imposi\u00e7\u00e3o das tarifas ao Brasil.<\/p>\n<\/p><\/div>\n<p><br \/>\n<br \/><a href=\"https:\/\/www.canalrural.com.br\/economia\/venezuela-deve-comecar-a-cobrar-tarifas-de-77-sobre-produtos-do-brasil\/\">Source link <\/a><\/p>\n","protected":false},"excerpt":{"rendered":"<p>Em um comunicado surpresa nessa sexta-feira (25), a Venezuela anunciou que passar\u00e1 a cobrar tarifas aduaneiras de 77% sobre produtos<\/p>\n","protected":false},"author":1,"featured_media":17477,"comment_status":"open","ping_status":"open","sticky":false,"template":"","format":"standard","meta":{"_monsterinsights_skip_tracking":false,"_monsterinsights_sitenote_active":false,"_monsterinsights_sitenote_note":"","_monsterinsights_sitenote_category":0,"_uf_show_specific_survey":0,"_uf_disable_surveys":false,"footnotes":""},"categories":[1],"tags":[],"class_list":["post-17480","post","type-post","status-publish","format-standard","has-post-thumbnail","hentry","category-news"],"_links":{"self":[{"href":"https:\/\/agromt.news\/index.php?rest_route=\/wp\/v2\/posts\/17480"}],"collection":[{"href":"https:\/\/agromt.news\/index.php?rest_route=\/wp\/v2\/posts"}],"about":[{"href":"https:\/\/agromt.news\/index.php?rest_route=\/wp\/v2\/types\/post"}],"author":[{"embeddable":true,"href":"https:\/\/agromt.news\/index.php?rest_route=\/wp\/v2\/users\/1"}],"replies":[{"embeddable":true,"href":"https:\/\/agromt.news\/index.php?rest_route=%2Fwp%2Fv2%2Fcomments&post=17480"}],"version-history":[{"count":0,"href":"https:\/\/agromt.news\/index.php?rest_route=\/wp\/v2\/posts\/17480\/revisions"}],"wp:featuredmedia":[{"embeddable":true,"href":"https:\/\/agromt.news\/index.php?rest_route=\/wp\/v2\/media\/17477"}],"wp:attachment":[{"href":"https:\/\/agromt.news\/index.php?rest_route=%2Fwp%2Fv2%2Fmedia&parent=17480"}],"wp:term":[{"taxonomy":"category","embeddable":true,"href":"https:\/\/agromt.news\/index.php?rest_route=%2Fwp%2Fv2%2Fcategories&post=17480"},{"taxonomy":"post_tag","embeddable":true,"href":"https:\/\/agromt.news\/index.php?rest_route=%2Fwp%2Fv2%2Ftags&post=17480"}],"curies":[{"name":"wp","href":"https:\/\/api.w.org\/{rel}","templated":true}]}}