{"id":17472,"date":"2025-07-26T12:52:22","date_gmt":"2025-07-26T16:52:22","guid":{"rendered":"https:\/\/agromt.news\/?p=17472"},"modified":"2025-07-26T12:52:22","modified_gmt":"2025-07-26T16:52:22","slug":"importacoes-de-fertilizantes-crescem-929-no-primeiro-semestre","status":"publish","type":"post","link":"https:\/\/agromt.news\/?p=17472","title":{"rendered":"Importa\u00e7\u00f5es de fertilizantes crescem 9,29% no primeiro semestre"},"content":{"rendered":"<p> <br \/>\n<\/p>\n<div>\n<div class=\"row\">\n<div class=\"col-lg col-infos mt-0 mt-lg-0\">\n<div class=\"section-sub-title\">\n<p itemprop=\"description\">&#13;<br \/>\n                                Paranagu\u00e1 lidera entrada de fertilizantes no Brasil&#13;\n                            <\/p>\n<\/p><\/div>\n<div class=\"container\">\n<div class=\"row\">\n<div class=\"col-lg p-0\">\n<div>\n<div class=\"block-news-main-infos mt-3 text-start\">\n<p>                                            <strong class=\"fn\" itemprop=\"author\" style=\"color: rgb(112, 112, 112); \">&#13;<br \/>\n                                                <a href=\"https:\/\/www.agrolink.com.br\/noticias\/javascript:;\" class=\"text-uppercase\" target=\"_blank\" style=\"color: rgb(112, 112, 112); \" rel=\"noopener\">Agrolink<\/a>&#13;<br \/>\n&#13;<br \/>\n                                                    &#8211; Seane Lennon&#13;<br \/>\n&#13;<br \/>\n                                            <\/strong><br \/>\n                                        <\/p>\n<p>                                            <abbr><time datetime=\"2025-07-24T17:36\" itemprop=\"datePublished dateModified\">Publicado em 24\/07\/2025 \u00e0s 17:36h.<\/time><\/abbr><br \/>\n                                            <\/p><\/div>\n<\/p><\/div>\n<\/p><\/div>\n<div class=\"col-lg p-0 text-lg-end\">\n<div>\n<div id=\"mdEnviarPagina\" class=\"modal fade\" role=\"dialog\">\n<div class=\"modal-dialog\">\n<div class=\"modal-content\">\n<div class=\"modal-body\">\n<p><strong>Estimado usu\u00e1rio.<\/strong><br \/>Preencha o formul\u00e1rio abaixo para remeter a p\u00e1gina.<\/p>\n<\/p><\/div>\n<\/p><\/div>\n<\/p><\/div>\n<\/div><\/div>\n<\/p><\/div>\n<\/p><\/div>\n<\/p><\/div>\n<\/p><\/div>\n<\/p><\/div>\n<div class=\"row justify-content-md-center mt-3\">\n<div class=\"col-lg-auto col-image block-news-main-image\">\n<p>                                <img decoding=\"async\" src=\"https:\/\/www.agrolink.com.br\/upload\/imagens-resizes\/9192d3f950044576b390c80f0d1203f1_858x483.jpg\" class=\"lazyload img-fluid\"\/><br \/>\n                                                <span class=\"publicity-photo d-block mt-1\">Foto: Canva<\/span><\/p><\/div>\n<\/p><\/div>\n<div class=\"section-description section-description-noticias mt-3\">\n<p style=\"text-align:justify\">As importa\u00e7\u00f5es brasileiras de fertilizantes totalizaram 19,41 milh\u00f5es de toneladas entre janeiro e junho de 2025, volume 9,29% superior ao registrado no mesmo per\u00edodo do ano anterior. Os dados constam da edi\u00e7\u00e3o de julho do Boletim Log\u00edstico, divulgado nesta quarta-feira (23) pela Companhia Nacional de Abastecimento (Conab), com base em informa\u00e7\u00f5es da plataforma Comex Stat.&#13;\n<\/p>\n<p style=\"text-align:justify\">Segundo a Conab, o cen\u00e1rio de alta nas importa\u00e7\u00f5es ocorre apesar da volatilidade nos pre\u00e7os e das restri\u00e7\u00f5es na oferta global, impulsionado por uma demanda constante do agroneg\u00f3cio. \u201cA procura por insumos agr\u00edcolas segue em expans\u00e3o, especialmente em pa\u00edses como o Brasil, onde o setor produtivo se antecipa \u00e0 safra 2025\/26 com proje\u00e7\u00f5es positivas de produ\u00e7\u00e3o\u201d, informou a Companhia.&#13;\n<\/p>\n<p style=\"text-align:justify\">Os portos brasileiros acompanharam esse crescimento. Em Paranagu\u00e1, as entradas somaram 5,14 milh\u00f5es de toneladas no primeiro semestre, ante 4,32 milh\u00f5es em igual per\u00edodo de 2024. Pelo Arco Norte, foram movimentadas 3,75 milh\u00f5es de toneladas, ligeiramente acima das 3,65 milh\u00f5es do ano anterior. J\u00e1 no Porto de Santos, as importa\u00e7\u00f5es totalizaram 2,82 milh\u00f5es de toneladas, em compara\u00e7\u00e3o com 3,38 milh\u00f5es no mesmo intervalo de 2024.&#13;\n<\/p>\n<p style=\"text-align:justify\">A Conab avalia que o aumento das importa\u00e7\u00f5es reflete o otimismo do setor agr\u00edcola diante das expectativas de mais uma safra recorde, apesar dos desafios impostos pelo cen\u00e1rio geopol\u00edtico global.<\/p>\n<\/p><\/div>\n<\/p><\/div>\n<p><script data-cfasync=\"false\">\n    !function (f, b, e, v, n, t, s) {\n        if (f.fbq) return; n = f.fbq = function () {\n            n.callMethod ?\n                n.callMethod.apply(n, arguments) : n.queue.push(arguments)\n        };\n        if (!f._fbq) f._fbq = n; n.push = n; n.loaded = !0; n.version = '2.0';\n        n.queue = []; t = b.createElement(e); t.async = !0;\n        t.src = v; s = b.getElementsByTagName(e)[0];\n        s.parentNode.insertBefore(t, s)\n    }(window, document, 'script',\n        'https:\/\/connect.facebook.net\/en_US\/fbevents.js');\n    fbq('init', '522546078623747');\n    fbq('track', 'PageView');\n<\/script><br \/>\n<br \/><br \/>\n<br \/><a href=\"https:\/\/www.agrolink.com.br\/noticias\/importacoes-de-fertilizantes-crescem-9-29--no-primeiro-semestre_504288.html\">Source link <\/a><\/p>\n","protected":false},"excerpt":{"rendered":"<p>&#13; Paranagu\u00e1 lidera entrada de fertilizantes no Brasil&#13; &#13; Agrolink&#13; &#13; &#8211; Seane Lennon&#13; &#13; Publicado em 24\/07\/2025 \u00e0s 17:36h.<\/p>\n","protected":false},"author":1,"featured_media":17473,"comment_status":"open","ping_status":"open","sticky":false,"template":"","format":"standard","meta":{"_monsterinsights_skip_tracking":false,"_monsterinsights_sitenote_active":false,"_monsterinsights_sitenote_note":"","_monsterinsights_sitenote_category":0,"_uf_show_specific_survey":0,"_uf_disable_surveys":false,"footnotes":""},"categories":[8,1,14],"tags":[],"class_list":["post-17472","post","type-post","status-publish","format-standard","has-post-thumbnail","hentry","category-agro","category-news","category-politica-agro"],"_links":{"self":[{"href":"https:\/\/agromt.news\/index.php?rest_route=\/wp\/v2\/posts\/17472"}],"collection":[{"href":"https:\/\/agromt.news\/index.php?rest_route=\/wp\/v2\/posts"}],"about":[{"href":"https:\/\/agromt.news\/index.php?rest_route=\/wp\/v2\/types\/post"}],"author":[{"embeddable":true,"href":"https:\/\/agromt.news\/index.php?rest_route=\/wp\/v2\/users\/1"}],"replies":[{"embeddable":true,"href":"https:\/\/agromt.news\/index.php?rest_route=%2Fwp%2Fv2%2Fcomments&post=17472"}],"version-history":[{"count":0,"href":"https:\/\/agromt.news\/index.php?rest_route=\/wp\/v2\/posts\/17472\/revisions"}],"wp:featuredmedia":[{"embeddable":true,"href":"https:\/\/agromt.news\/index.php?rest_route=\/wp\/v2\/media\/17473"}],"wp:attachment":[{"href":"https:\/\/agromt.news\/index.php?rest_route=%2Fwp%2Fv2%2Fmedia&parent=17472"}],"wp:term":[{"taxonomy":"category","embeddable":true,"href":"https:\/\/agromt.news\/index.php?rest_route=%2Fwp%2Fv2%2Fcategories&post=17472"},{"taxonomy":"post_tag","embeddable":true,"href":"https:\/\/agromt.news\/index.php?rest_route=%2Fwp%2Fv2%2Ftags&post=17472"}],"curies":[{"name":"wp","href":"https:\/\/api.w.org\/{rel}","templated":true}]}}