{"id":17470,"date":"2025-07-26T11:57:57","date_gmt":"2025-07-26T15:57:57","guid":{"rendered":"https:\/\/agromt.news\/?p=17470"},"modified":"2025-07-26T11:57:57","modified_gmt":"2025-07-26T15:57:57","slug":"avicultura-familiar-une-geracoes-e-impulsiona-novos-investimentos-em-sao-paulo","status":"publish","type":"post","link":"https:\/\/agromt.news\/?p=17470","title":{"rendered":"Avicultura familiar une gera\u00e7\u00f5es e impulsiona novos investimentos em S\u00e3o Paulo"},"content":{"rendered":"<p> <br \/>\n<\/p>\n<div>\n<p>Uma decis\u00e3o familiar transformou a rotina de Fl\u00e1vio Biglia e seus dois filhos. Natural de Campinas (SP) e com carreira consolidada no Direito, ele decidiu investir na <strong>avicultura familiar<\/strong> ap\u00f3s conhecer de perto o funcionamento de um avi\u00e1rio no interior paulista. A ideia inicial era adquirir uma fazenda com seringueira, mas um contato com um produtor amigo mudou o rumo da hist\u00f3ria.<\/p>\n<blockquote class=\"wp-block-quote is-layout-flow wp-block-quote-is-layout-flow\">\n<p>\u201cO modelo de neg\u00f3cio me chamou aten\u00e7\u00e3o: pouco uso de m\u00e3o de obra, alta tecnologia e retorno interessante. Foi a\u00ed que tudo come\u00e7ou\u201d, conta Fl\u00e1vio.<\/p>\n<\/blockquote>\n<p>Com o aval da empresa integradora, a JBS\/Seara, e apoio de uma construtora especializada, o projeto saiu do papel. Em mar\u00e7o de 2024 come\u00e7aram as obras dos primeiros dois avi\u00e1rios \u2014 e o primeiro alojamento aconteceu apenas quatro dias antes da visita da equipe de reportagem do <a href=\"https:\/\/interligados.canalrural.com.br\/vida-no-campo\/\">Interligados \u2013 Vida no Campo<\/a>.\u00a0<\/p>\n<figure class=\"wp-block-embed is-type-video is-provider-youtube wp-block-embed-youtube wp-embed-aspect-16-9 wp-has-aspect-ratio\">\n<p>\n<iframe title=\"Nova gera\u00e7\u00e3o da fam\u00edlia Biglia aposta na avicultura como legado familiar | Interligados - 06\/06\/2025\" width=\"800\" height=\"450\" src=\"https:\/\/www.youtube.com\/embed\/EQKKmYY2lfw?feature=oembed\" frameborder=\"0\" allow=\"accelerometer; autoplay; clipboard-write; encrypted-media; gyroscope; picture-in-picture; web-share\" referrerpolicy=\"strict-origin-when-cross-origin\" allowfullscreen><\/iframe>\n<\/p><figcaption class=\"wp-element-caption\">Vida no Campo: Toda sexta-feira, \u00e0s 11h30 da manh\u00e3, tem epis\u00f3dio novo no Interligados<br \/><\/figcaption><\/figure>\n<h2 class=\"wp-block-heading\" id=\"h-do-escritorio-para-o-campo-filhos-assumem-o-protagonismo\"><strong>Do escrit\u00f3rio para o campo: filhos assumem o protagonismo<\/strong><\/h2>\n<p>A grande virada veio com a decis\u00e3o de envolver os filhos, ambos com experi\u00eancia internacional.<\/p>\n<blockquote class=\"wp-block-quote is-layout-flow wp-block-quote-is-layout-flow\">\n<p>\u201cSe n\u00e3o fosse por eles, eu n\u00e3o teria come\u00e7ado. Hoje tenho 60 anos e quero desacelerar. A ideia \u00e9 que eles toquem o projeto com autonomia\u201d, explica.<\/p>\n<\/blockquote>\n<figure class=\"wp-block-image size-large\"><img fetchpriority=\"high\" decoding=\"async\" width=\"1024\" height=\"576\" src=\"https:\/\/agromt.news\/wp-content\/uploads\/2025\/07\/Avicultura-familiar-une-geracoes-e-impulsiona-novos-investimentos-em-Sao.jpg\" alt=\"Avicultura familiar da Fam\u00edlia Biglia transforma rotina de fam\u00edlia em SP | Canal Rural&#10;\" class=\"wp-image-4113414\"  \/><figcaption class=\"wp-element-caption\">Avicultura familiar transforma rotina de fam\u00edlia em SP | Canal Rural<br \/>\n<\/figcaption><\/figure>\n<p>Com entusiasmo e esp\u00edrito empreendedor, os irm\u00e3os acompanham de perto cada detalhe da produ\u00e7\u00e3o, da constru\u00e7\u00e3o ao manejo, e j\u00e1 planejam o futuro: mais dois avi\u00e1rios devem ser finalizados at\u00e9 setembro de 2025. E h\u00e1 espa\u00e7o para crescer: a propriedade tem potencial para novos n\u00facleos.<\/p>\n<h2 class=\"wp-block-heading\" id=\"h-tecnologia-retorno-e-sucessao-como-pilares-da-nova-fase\"><strong>Tecnologia, retorno e sucess\u00e3o como pilares da nova fase<\/strong><\/h2>\n<p>A fam\u00edlia escolheu uma estrutura moderna e totalmente automatizada. O uso de sensores, controle remoto por Wi-Fi e ambientes climatizados permite uma gest\u00e3o eficiente e menos dependente de m\u00e3o de obra intensiva. Isso, segundo eles, favorece a sucess\u00e3o familiar no campo.<\/p>\n<blockquote class=\"wp-block-quote is-layout-flow wp-block-quote-is-layout-flow\">\n<p>\u201cAntes, muitos jovens sa\u00edam da zona rural. Hoje, com tecnologia e estrutura, querem ficar e empreender\u201d, destaca a filha, Fl\u00e1via Biglia.<\/p>\n<\/blockquote>\n<\/div>\n<div>\n<p>A parceria com a JBS tamb\u00e9m foi decisiva para iniciar o investimento com seguran\u00e7a. A empresa oferece suporte t\u00e9cnico, insumos, acompanhamento semanal e orienta\u00e7\u00e3o constante aos produtores.<\/p>\n<blockquote class=\"wp-block-quote is-layout-flow wp-block-quote-is-layout-flow\">\n<p>\u201cMesmo sem experi\u00eancia, conseguimos come\u00e7ar com confian\u00e7a. A empresa esteve presente desde o in\u00edcio. Isso faz toda a diferen\u00e7a\u201d, diz Fl\u00e1vio.<\/p>\n<\/blockquote>\n<h2 class=\"wp-block-heading\"><strong>Vis\u00e3o de futuro e prop\u00f3sito na produ\u00e7\u00e3o de alimentos<\/strong><\/h2>\n<p>O sentimento de pertencimento ao campo e o orgulho de produzir alimentos s\u00e3o combust\u00edveis para os pr\u00f3ximos passos. A fam\u00edlia se reconhece como parte do agroneg\u00f3cio brasileiro e j\u00e1 se v\u00ea contribuindo com uma cadeia essencial: a produ\u00e7\u00e3o de prote\u00edna acess\u00edvel e de qualidade.<\/p>\n<blockquote class=\"wp-block-quote is-layout-flow wp-block-quote-is-layout-flow\">\n<p>\u201cSaber que estamos ajudando a colocar alimento na mesa das pessoas \u00e9 gratificante. Esse primeiro lote vai nos ensinar muito \u2014 e queremos aprender sempre mais\u201d, afirma a filha.<\/p>\n<\/blockquote>\n<p>Para quem pensa em investir na avicultura, Fl\u00e1vio \u00e9 direto:<\/p>\n<blockquote class=\"wp-block-quote is-layout-flow wp-block-quote-is-layout-flow\">\n<p>\u201cEntre. Pesquise, participe de feiras, converse com produtores e v\u00e1 atr\u00e1s de boas parcerias. Vale a pena. O retorno \u00e9 real e o campo pode surpreender.\u201d<\/p>\n<\/blockquote>\n<p><strong>Fa\u00e7a parte da nossa\u00a0<a href=\"https:\/\/chat.whatsapp.com\/KHdVAB6MSXAJBTe0S657Ip\" target=\"_blank\" rel=\"noreferrer noopener\">comunidade no WhatsApp<\/a>!<br \/><\/strong>Entre no grupo do Interligados e fique por dentro de not\u00edcias, dicas t\u00e9cnicas e novidades das cadeias de aves e su\u00ednos, al\u00e9m de acompanhar o dia a dia no campo. \u00c9 r\u00e1pido, f\u00e1cil e cheio de conte\u00fados especiais! \ud83e\udde1 \ud83d\udd17<a href=\"https:\/\/chat.whatsapp.com\/KHdVAB6MSXAJBTe0S657Ip\" target=\"_blank\" rel=\"noreferrer noopener\">\u00a0Clique aqui e junte-se a n\u00f3s<\/a>.<\/p>\n<\/p><\/div>\n<p><br \/>\n<br \/><a href=\"https:\/\/www.canalrural.com.br\/aves-e-suinos\/avicultura-familiar-une-geracoes-e-impulsiona-novos-investimentos-em-sao-paulo\/\">Source link <\/a><\/p>\n","protected":false},"excerpt":{"rendered":"<p>Uma decis\u00e3o familiar transformou a rotina de Fl\u00e1vio Biglia e seus dois filhos. Natural de Campinas (SP) e com carreira<\/p>\n","protected":false},"author":1,"featured_media":17471,"comment_status":"open","ping_status":"open","sticky":false,"template":"","format":"standard","meta":{"_monsterinsights_skip_tracking":false,"_monsterinsights_sitenote_active":false,"_monsterinsights_sitenote_note":"","_monsterinsights_sitenote_category":0,"_uf_show_specific_survey":0,"_uf_disable_surveys":false,"footnotes":""},"categories":[1],"tags":[],"class_list":["post-17470","post","type-post","status-publish","format-standard","has-post-thumbnail","hentry","category-news"],"_links":{"self":[{"href":"https:\/\/agromt.news\/index.php?rest_route=\/wp\/v2\/posts\/17470"}],"collection":[{"href":"https:\/\/agromt.news\/index.php?rest_route=\/wp\/v2\/posts"}],"about":[{"href":"https:\/\/agromt.news\/index.php?rest_route=\/wp\/v2\/types\/post"}],"author":[{"embeddable":true,"href":"https:\/\/agromt.news\/index.php?rest_route=\/wp\/v2\/users\/1"}],"replies":[{"embeddable":true,"href":"https:\/\/agromt.news\/index.php?rest_route=%2Fwp%2Fv2%2Fcomments&post=17470"}],"version-history":[{"count":0,"href":"https:\/\/agromt.news\/index.php?rest_route=\/wp\/v2\/posts\/17470\/revisions"}],"wp:featuredmedia":[{"embeddable":true,"href":"https:\/\/agromt.news\/index.php?rest_route=\/wp\/v2\/media\/17471"}],"wp:attachment":[{"href":"https:\/\/agromt.news\/index.php?rest_route=%2Fwp%2Fv2%2Fmedia&parent=17470"}],"wp:term":[{"taxonomy":"category","embeddable":true,"href":"https:\/\/agromt.news\/index.php?rest_route=%2Fwp%2Fv2%2Fcategories&post=17470"},{"taxonomy":"post_tag","embeddable":true,"href":"https:\/\/agromt.news\/index.php?rest_route=%2Fwp%2Fv2%2Ftags&post=17470"}],"curies":[{"name":"wp","href":"https:\/\/api.w.org\/{rel}","templated":true}]}}